{"id":730,"date":"2025-01-17T17:28:54","date_gmt":"2025-01-17T16:28:54","guid":{"rendered":"https:\/\/protestantsdanslaville.org\/wordpress\/?p=730"},"modified":"2025-01-19T23:41:23","modified_gmt":"2025-01-19T22:41:23","slug":"la-semaine-de-lunite","status":"publish","type":"post","link":"https:\/\/protestantsdanslaville.org\/wordpress\/la-semaine-de-lunite\/","title":{"rendered":"La Semaine de l&rsquo;Unit\u00e9"},"content":{"rendered":"\n<p><\/p>\n\n\n\n<p><strong>1933, le P\u00e8re Couturier, la semaine de pri\u00e8re pour l\u2019unit\u00e9 des \u00c9glises.<\/strong><br>La Semaine de pri\u00e8re pour l\u2019unit\u00e9 des \u00c9glises a \u00e9t\u00e9 lanc\u00e9e par le P\u00e8re Couturier, modeste professeur de math\u00e9matiques dans un \u00e9tablissement catholique, alors que la rupture \u00e9tait profonde entre catholiques et protestants. Pasteur et pr\u00eatre ne se saluaient dans la rue que d\u2019un bref mouvement de t\u00eate. Lors d\u2019un mariage mixte une forte pression s\u2019exer\u00e7ait sur le conjoint protestant pour qu\u2019il se convertisse au catholicisme et s\u2019il y consentait il \u00e9tait rebaptis\u00e9. Ainsi la protestante princesse Ir\u00e8ne des Pays-Bas a \u00e9t\u00e9 rebaptis\u00e9e en 1964 lorsqu\u2019elle est devenue catholique pour se marier avec un prince espagnol.\u00a0L\u2019\u00e9ducation des futurs enfants devait absolument se faire dans le catholicisme et \u00e0 l\u2019\u00e9glise la c\u00e9l\u00e9bration n\u2019avait pas lieu devant le maitre autel mais dans une chapelle lat\u00e9rale, l\u2019alliance du conjoint protestant n\u2019\u00e9tait pas b\u00e9nie et les cloches ne sonnaient pas. Si le mariage avait lieu au temple, le conjoint catholique \u00e9tait excommuni\u00e9 et son enterrement refus\u00e9.<\/p>\n\n\n\n<p>Alors que chaque \u00c9glise ne comprenait l\u2019unit\u00e9 que comme le \u00ab&nbsp;retour&nbsp;\u00bb de l\u2019autre vers l\u2019unique v\u00e9rit\u00e9, le P\u00e8re Couturier a eu l\u2019id\u00e9e de proposer de prier pour l\u2019unit\u00e9 des \u00c9glises \u00ab&nbsp;telle que Dieu la veut&nbsp;\u00bb, du 18 janvier (f\u00eate de saint Pierre) au 25 janvier (f\u00eate de saint Paul). Et cela fut pratiqu\u00e9 tant bien que mal, notamment par des groupes d\u2019enseignants, comme celui de l\u2019Amiti\u00e9.<\/p>\n\n\n\n<p><strong>1958-1963, le pape Jean XXIII, le concile de Vatican II (1962-1965)<\/strong><\/p>\n\n\n\n<p>Le concile provoqua un tsunami de renouveau. Catholiques et protestants se d\u00e9couvrirent mutuellement et entr\u00e8rent en relations fraternelles et amicales. Des groupes \u0153cum\u00e9niques naquirent partout. Des c\u00e9l\u00e9brations \u0153cum\u00e9niques eurent lieu ainsi que des \u00e9changes de chaire o\u00f9 le pasteur disait l\u2019hom\u00e9lie \u00e0 la messe et le pr\u00eatre la pr\u00e9dication au culte. Voir son cur\u00e9 ou son pasteur c\u00e9l\u00e9brer dans l\u2019\u00e9glise voisine apaisait \u00e9videmment les relations dans les familles.<\/p>\n\n\n\n<p>Les c\u00e9l\u00e9brations de bapt\u00eame, de mariage et d\u2019enterrements se firent \u0153cum\u00e9niques. Par exemple lors d\u2019un bapt\u00eame \u00e0 l\u2019\u00e9glise c\u2019\u00e9tait le pasteur qui faisait le geste du bapt\u00eame et vice versa. Les mariages \u0153cum\u00e9niques n\u2019exigeaient plus l\u2019\u00e9ducation des enfants \u00e0 venir dans telle ou telle \u00c9glise dans \u00ab&nbsp;selon l\u2019\u00c9vangile&nbsp;\u00bb. Il y eut m\u00eame des cat\u00e9chismes \u0153cum\u00e9niques.<\/p>\n\n\n\n<p>Des c\u00e9l\u00e9brations de la Semaine de l\u2019Unit\u00e9 avaient lieu partout, \u00e9taient tr\u00e8s suivies. Les relations \u0153cum\u00e9niques \u00e9taient si proches et fraternelles qu\u2019on croyait voir surgir l\u2019Unit\u00e9 absolue.<\/p>\n\n\n\n<p><strong>1978-2005, le pape Jean-Paul II, le \u00ab&nbsp;resserrement des boulons&nbsp;\u00bb<\/strong><\/p>\n\n\n\n<p>Le pape Jean-Paul II eut peur. Il \u00ab&nbsp;resserra les boulons&nbsp;\u00bb&nbsp;: L\u2019\u00c9glise catholique ne reconnut plus les parrains et marraines protestants, n\u2019autorisa plus les pasteurs \u00e0 prononcer l\u2019\u00ab&nbsp;hom\u00e9lie&nbsp;\u00bb lors des messes, des c\u00e9l\u00e9brations \u0153cum\u00e9niques de bapt\u00eames et de mariages&nbsp;: ceux-ci durent se contenter d\u2019une simple \u00ab&nbsp;prise de parole&nbsp;\u00bb. Lors des bapt\u00eames \u0153cum\u00e9niques seul le pr\u00eatre pouvait verser l\u2019eau et le registre protestant n\u2019entrait plus dans l\u2019\u00e9glise. Le pasteur y \u00e9tait de plus en plus marginalis\u00e9.<\/p>\n\n\n\n<p>Dans certains endroits les relations \u0153cum\u00e9niques \u00e9taient si \u00e9troites et amicales qu\u2019un petit groupe perdura n\u00e9anmoins. Mais les jeunes pr\u00eatres qui surgissaient d\u2019Afrique, de Pologne, ou des s\u00e9minaires dont l\u2019enseignement avait, lui aussi, \u00e9t\u00e9 \u00ab&nbsp;reboulonn\u00e9&nbsp;\u00bb sont d\u00e9sormais tr\u00e8s ignorants du protestantisme, angoiss\u00e9s par l\u2019effondrement de la pratique de la messe dominicale et peu port\u00e9s \u00e0 l\u2019\u0153cum\u00e9nisme.&nbsp;<\/p>\n\n\n\n<p>La Semaine de l\u2019Unit\u00e9 ainsi que les groupes de r\u00e9flexion \u0153cum\u00e9niques ne disparaissent pas totalement mais deviennent plus rares et moins populaires.<\/p>\n\n\n\n<p>Pourtant l\u2019hostilit\u00e9 d\u2019autrefois ne r\u00e9appara\u00eet heureusement pas dans les familles et entre amis, d\u2019autant \u00e9videmment que nos contemporains ne se reconnaissent aujourd\u2019hui plus gu\u00e8re dans les querelles doctrinales des \u00c9glises.<\/p>\n\n\n\n<p>Il est n\u00e9anmoins important que la Semaine de l\u2019Unit\u00e9 demeure comme jalon des relations fraternelles enfin \u00e9tablies entre nos \u00c9glises.<\/p>\n","protected":false},"excerpt":{"rendered":"<p>1933, le P\u00e8re Couturier, la semaine de pri\u00e8re pour l\u2019unit\u00e9 des \u00c9glises.La Semaine de pri\u00e8re pour l\u2019unit\u00e9 des \u00c9glises a \u00e9t\u00e9 lanc\u00e9e par le P\u00e8re Couturier, modeste professeur de math\u00e9matiques dans un \u00e9tablissement catholique, alors que la rupture \u00e9tait profonde entre catholiques et protestants. Pasteur et pr\u00eatre ne se saluaient dans la rue que d\u2019un [&hellip;]<\/p>\n","protected":false},"author":2,"featured_media":0,"comment_status":"open","ping_status":"open","sticky":false,"template":"","format":"standard","meta":{"_jetpack_memberships_contains_paid_content":false,"footnotes":""},"categories":[11],"tags":[],"external_author":[31],"cited_author":[40],"publisher":[],"book_author":[],"class_list":["post-730","post","type-post","status-publish","format-standard","hentry","category-articles","external_author-gilles-castelnau","cited_author-gilles-castelnau"],"jetpack_sharing_enabled":true,"jetpack_featured_media_url":"","_links":{"self":[{"href":"https:\/\/protestantsdanslaville.org\/wordpress\/wp-json\/wp\/v2\/posts\/730","targetHints":{"allow":["GET"]}}],"collection":[{"href":"https:\/\/protestantsdanslaville.org\/wordpress\/wp-json\/wp\/v2\/posts"}],"about":[{"href":"https:\/\/protestantsdanslaville.org\/wordpress\/wp-json\/wp\/v2\/types\/post"}],"author":[{"embeddable":true,"href":"https:\/\/protestantsdanslaville.org\/wordpress\/wp-json\/wp\/v2\/users\/2"}],"replies":[{"embeddable":true,"href":"https:\/\/protestantsdanslaville.org\/wordpress\/wp-json\/wp\/v2\/comments?post=730"}],"version-history":[{"count":2,"href":"https:\/\/protestantsdanslaville.org\/wordpress\/wp-json\/wp\/v2\/posts\/730\/revisions"}],"predecessor-version":[{"id":761,"href":"https:\/\/protestantsdanslaville.org\/wordpress\/wp-json\/wp\/v2\/posts\/730\/revisions\/761"}],"wp:attachment":[{"href":"https:\/\/protestantsdanslaville.org\/wordpress\/wp-json\/wp\/v2\/media?parent=730"}],"wp:term":[{"taxonomy":"category","embeddable":true,"href":"https:\/\/protestantsdanslaville.org\/wordpress\/wp-json\/wp\/v2\/categories?post=730"},{"taxonomy":"post_tag","embeddable":true,"href":"https:\/\/protestantsdanslaville.org\/wordpress\/wp-json\/wp\/v2\/tags?post=730"},{"taxonomy":"external_author","embeddable":true,"href":"https:\/\/protestantsdanslaville.org\/wordpress\/wp-json\/wp\/v2\/external_author?post=730"},{"taxonomy":"cited_author","embeddable":true,"href":"https:\/\/protestantsdanslaville.org\/wordpress\/wp-json\/wp\/v2\/cited_author?post=730"},{"taxonomy":"publisher","embeddable":true,"href":"https:\/\/protestantsdanslaville.org\/wordpress\/wp-json\/wp\/v2\/publisher?post=730"},{"taxonomy":"book_author","embeddable":true,"href":"https:\/\/protestantsdanslaville.org\/wordpress\/wp-json\/wp\/v2\/book_author?post=730"}],"curies":[{"name":"wp","href":"https:\/\/api.w.org\/{rel}","templated":true}]}}