{"id":4434,"date":"2026-09-04T16:27:10","date_gmt":"2026-09-04T15:27:10","guid":{"rendered":"https:\/\/protestantsdanslaville.org\/wordpress\/?p=4434"},"modified":"2026-09-04T16:27:10","modified_gmt":"2026-09-04T15:27:10","slug":"toujours-captive","status":"publish","type":"post","link":"https:\/\/protestantsdanslaville.org\/wordpress\/toujours-captive\/","title":{"rendered":"Toujours captive"},"content":{"rendered":"\n<figure class=\"wp-block-image aligncenter size-full\"><img loading=\"lazy\" decoding=\"async\" width=\"535\" height=\"418\" src=\"https:\/\/protestantsdanslaville.org\/wordpress\/wp-content\/uploads\/2026\/09\/leah.png\" alt=\"\" class=\"wp-image-4435\" srcset=\"https:\/\/protestantsdanslaville.org\/wordpress\/wp-content\/uploads\/2026\/09\/leah.png 535w, https:\/\/protestantsdanslaville.org\/wordpress\/wp-content\/uploads\/2026\/09\/leah-300x234.png 300w\" sizes=\"auto, (max-width: 535px) 100vw, 535px\" \/><\/figure>\n\n\n\n<p class=\"has-text-align-center has-small-font-size wp-block-paragraph\"><strong>Leah\u00a0Sharibu<\/strong><\/p>\n\n\n\n<p class=\"has-text-align-center wp-block-paragraph\"><strong><br>250 ans apr\u00e8s Marie Durand,<br>les combats de foi de quatre femmes<\/strong> <strong>croyantes du Nigeria, de Syrie, d\u2019Iran ou de France, elles n\u2019ont jamais abandonn\u00e9 leur foi dans l\u2019\u00e9preuve.<\/strong><\/p>\n\n\n\n<p class=\"has-text-align-center wp-block-paragraph\">article publi\u00e9 dans l\u2018hebdomadaire protestant\u00a0<em><a href=\"https:\/\/www.reforme.net\">R\u00e9forme<\/a><\/em><br>du 3 septembre 20<strong>26<\/strong><\/p>\n\n\n\n<h1 class=\"wp-block-heading\">&nbsp;<\/h1>\n\n\n\n<p class=\"wp-block-paragraph\"><strong>LEAH&nbsp;SHARIBU&nbsp;<\/strong>Enlev\u00e9e&nbsp;en 2018&nbsp;avec&nbsp;109&nbsp;camarades&nbsp;de&nbsp;classe,&nbsp;dans&nbsp;le&nbsp;nord&nbsp;du&nbsp;Nigeria,&nbsp;cette&nbsp;jeune&nbsp;fille&nbsp;de&nbsp;14&nbsp;ansest&nbsp;la&nbsp;seule&nbsp;\u00e0&nbsp;ne&nbsp;pas&nbsp;avoir&nbsp;\u00e9t\u00e9 rel\u00e2ch\u00e9e par ses&nbsp;ravisseurs pour avoir&nbsp;refus\u00e9&nbsp;de&nbsp;renier sa&nbsp;foi&nbsp;chr\u00e9tienne.<\/p>\n\n\n\n<p class=\"wp-block-paragraph\">Son&nbsp;nom&nbsp;vous&nbsp;est&nbsp;peut-\u00eatre&nbsp;familier&nbsp;:&nbsp;Leah&nbsp;Sharibu.&nbsp;En juin&nbsp;dernier,&nbsp;\u00e0 l&rsquo;occasion de&nbsp;la&nbsp;Journ\u00e9e&nbsp;internationale&nbsp;pourl&rsquo;\u00e9limination de&nbsp;la&nbsp;violence&nbsp;sexuelle&nbsp;en temps&nbsp;de&nbsp;conflit,&nbsp;la&nbsp;F\u00e9d\u00e9ration protestante de France&nbsp;et l&rsquo;ONG Portes ouvertes ont,&nbsp;dans un communiqu\u00e9 commun, appel\u00e9 \u00e0&nbsp;sa&nbsp;lib\u00e9ration. Depuis pr\u00e8s de&nbsp;dix&nbsp;ans,&nbsp;cette jeune Nig\u00e9riane chr\u00e9tienne estdevenue un symbole&nbsp;des&nbsp;violences&nbsp;subies&nbsp;par&nbsp;les&nbsp;femmes enlev\u00e9es par les&nbsp;groupes djihadistes dans&nbsp;le nord-est du Nigeria.<\/p>\n\n\n\n<p class=\"wp-block-paragraph\">Tout&nbsp;bascule&nbsp;en&nbsp;f\u00e9vrier&nbsp;2018. Leah Sharibu,&nbsp;qui&nbsp;a grandi&nbsp;\u00e0&nbsp;Dapchi,&nbsp;dans l&rsquo;\u00c9tat de Yobe, est&nbsp;alors&nbsp;enlev\u00e9e avec109autres \u00e9l\u00e8ves de son&nbsp;\u00e9cole par des combattants du&nbsp;groupe&nbsp;\u00c9tat&nbsp;islamique&nbsp;en&nbsp;Afrique&nbsp;de&nbsp;l&rsquo;Ouest&nbsp;(lswap),&nbsp;issu&nbsp;d&rsquo;unescission&nbsp;avec&nbsp;Boko&nbsp;Haram. Elle&nbsp;n&rsquo;a&nbsp;que&nbsp;14&nbsp;ans.&nbsp;Un mois plus&nbsp;tard,&nbsp;le&nbsp;groupe arm\u00e9&nbsp;lib\u00e8re&nbsp;les&nbsp;jeunes filles sauf&nbsp;elle.Selon&nbsp;le&nbsp;t\u00e9moignage&nbsp;de&nbsp;ses&nbsp;camarades, elle&nbsp;aurait refus\u00e9 de renoncer \u00e0 sa&nbsp;foi chr\u00e9tienne et&nbsp;de&nbsp;se convertir \u00e0&nbsp;l&rsquo;islam. Cinq autres \u00e9l\u00e8ves, elles,&nbsp;sont mortes pendant leur captivit\u00e9.<\/p>\n\n\n\n<p class=\"wp-block-paragraph\">Comment&nbsp;expliquer&nbsp;un&nbsp;tel&nbsp;refus,&nbsp;chez&nbsp;une&nbsp;adolescente&nbsp;de&nbsp;cet&nbsp;\u00e2ge&nbsp;?&nbsp;<em>\u00ab&nbsp;Je<\/em><em>&nbsp;<\/em><em>pense<\/em><em>&nbsp;<\/em><em>que&nbsp;c&rsquo;\u00e9tait<\/em><em>&nbsp;<\/em><em>un<\/em><em>&nbsp;<\/em><em>acte<\/em><em>&nbsp;<\/em><em>spontan\u00e9,<\/em><em>&nbsp;<\/em><em>tr\u00e8s<\/em><em>&nbsp;<\/em><em>naturel<\/em><em>&nbsp;<\/em><em>de sa<\/em><em>&nbsp;part, une&nbsp;assurance li\u00e9e&nbsp;peut-\u00eatre&nbsp;au d\u00e9part&nbsp;\u00e0&nbsp;sa&nbsp;jeunesse,&nbsp;mais&nbsp;aussi&nbsp;\u00e0&nbsp;une&nbsp;foi&nbsp;forte&nbsp;\u00bb,&nbsp;<\/em>avance&nbsp;Guillaume&nbsp;Guennec,codirecteur&nbsp;de&nbsp;l&rsquo;ONG Portes&nbsp;ouvertes en&nbsp;France et&nbsp;en&nbsp;Belgique. Il&nbsp;rappelle qu&rsquo;au moment de&nbsp;son enl\u00e8vement, Leah avait fait transmettre \u00e0&nbsp;ses parents, via une camarade lib\u00e9r\u00e9e,&nbsp;un&nbsp;dernier&nbsp;message&nbsp;:&nbsp;<em>\u00ab&nbsp;J&rsquo;ai&nbsp;corifiance&nbsp;qu&rsquo;un&nbsp;jour&nbsp;je reverrai&nbsp;vosvisages.&nbsp;<\/em>Si&nbsp;<em>ce&nbsp;n&rsquo;est&nbsp;pas&nbsp;ici sur&nbsp;terre,&nbsp;ce sera au ciel dans&nbsp;les&nbsp;bras de&nbsp;notre Seigneur J\u00e9sus-Christ.&nbsp;\u00bb<\/em><em><\/em><\/p>\n\n\n\n<p class=\"wp-block-paragraph\">D\u00e8s&nbsp;2018,&nbsp;son&nbsp;p\u00e8re,&nbsp;Nathaniel&nbsp;Sharibu,&nbsp;policier&nbsp;et&nbsp;membre&nbsp;de&nbsp;l&rsquo;\u00c9glise&nbsp;\u00e9vang\u00e9lique Winning&nbsp;All &#8211;&nbsp;qui&nbsp;compte&nbsp;plus&nbsp;de 8&nbsp;millions de&nbsp;membres&nbsp;et&nbsp;plus de 6&nbsp;000&nbsp;\u00e9glises locales r\u00e9parties au Nigeria et dans&nbsp;18&nbsp;autres pays -, interpelle publiquement le&nbsp;gouvernement&nbsp;nig\u00e9rian pour&nbsp;qu&rsquo;il&nbsp;obtienne&nbsp;la&nbsp;lib\u00e9ration de&nbsp;sa fille&nbsp;avant P\u00e2ques.&nbsp;La&nbsp;Conf\u00e9rence des\u00e9v\u00eaques catholiques du Nigeria appelle&nbsp;elle&nbsp;aussi&nbsp;les&nbsp;autorit\u00e9s&nbsp;\u00e0&nbsp;intensifier leurs&nbsp;efforts. Depuis,&nbsp;ses&nbsp;parents&nbsp;poursuivent&nbsp;leur combat. Le&nbsp;16 juin dernier encore, ils rappelaient&nbsp;dans un communiqu\u00e9&nbsp;:<\/p>\n\n\n\n<p class=\"wp-block-paragraph\"><em>\u00ab\u00a0Notre\u00a0fille n&rsquo;a\u00a0pas \u00e9t\u00e9 rel\u00e2ch\u00e9e\u00a0mais est retenue captive car elle a\u00a0refus\u00e9 de\u00a0renier sa\u00a0foi chr\u00e9tienne. [&#8230;] Ce courage\u00a0l&rsquo;a amen\u00e9e\u00a0\u00e0 endurer\u00a0des \u00e9preuves inimaginables. Les t\u00e9moignages\u00a0d&rsquo;anciennes\u00a0captives \u00e9voquent des\u00a0mariages forc\u00e9s,\u00a0des traumatismes r\u00e9p\u00e9t\u00e9s, des\u00a0accouchements\u00a0en\u00a0captivit\u00e9 et\u00a0la\u00a0menace constante de\u00a0violences\u00a0sexuelles\u00a0utilis\u00e9es\u00a0comme\u00a0armede\u00a0guerre\u00a0et\u00a0de\u00a0contr\u00f4le.\u00a0\u00bb<\/em><\/p>\n\n\n\n<p class=\"wp-block-paragraph\">L&rsquo;histoire&nbsp;de&nbsp;Leah&nbsp;Sharibu&nbsp;s&rsquo;inscrit dans&nbsp;un&nbsp;ph\u00e9nom\u00e8ne plus&nbsp;large.&nbsp;Depuis&nbsp;l&rsquo;enl\u00e8vement&nbsp;de&nbsp;276&nbsp;lyc\u00e9ennes&nbsp;\u00e0&nbsp;Chibok, dansl&rsquo;\u00c9tat de&nbsp;Bomo,&nbsp;en&nbsp;2014,&nbsp;les&nbsp;kidnappings massifs&nbsp;d&rsquo;\u00e9coliers&nbsp;se&nbsp;succ\u00e8dent&nbsp;au&nbsp;Nigeria.&nbsp;\u00ab&nbsp;<em>Une&nbsp;v\u00e9ritable&nbsp;industrie&nbsp;dukidnapping&nbsp;s&rsquo;est&nbsp;d\u00e9velopp\u00e9e&nbsp;dans&nbsp;le&nbsp;pays. Chaque&nbsp;ann\u00e9e, des&nbsp;centaines&nbsp;de&nbsp;femmes&nbsp;et&nbsp;de&nbsp;jeunes&nbsp;filles sont&nbsp;enlev\u00e9es,exploit\u00e9es,&nbsp;victimes&nbsp;de&nbsp;violences&nbsp;sexuelles&nbsp;et&nbsp;sexistes.&nbsp;Des&nbsp;ran\u00e7ons&nbsp;consid\u00e9rables&nbsp;sont&nbsp;ensuite exig\u00e9es aux&nbsp;familles&nbsp;\u00bb,<\/em>rappelle Guillaume&nbsp;Guennec, qui&nbsp;parle&nbsp;d&rsquo;un\u00ab&nbsp;<em>ph\u00e9nom\u00e8ne end\u00e9mique dans&nbsp;le&nbsp;nord<\/em><em>&nbsp;du&nbsp;Nigeria,&nbsp;dramatique&nbsp;etcatastrophique\u00bb,&nbsp;<\/em>que l&rsquo;histoire de Leah Sharibu contribue \u00e0 mettre en lumi\u00e8re.<\/p>\n\n\n\n<p class=\"wp-block-paragraph\">Selon l&rsquo;index mondial de pers\u00e9cution des chr\u00e9tiens&nbsp;2026 de&nbsp;l&rsquo;ONG Portes&nbsp;ouvertes,&nbsp;le&nbsp;Nigeria figure&nbsp;au&nbsp;7\u00b0&nbsp;rang&nbsp;des&nbsp;payso\u00f9&nbsp;les&nbsp;chr\u00e9tiens&nbsp;sont&nbsp;les&nbsp;plus expos\u00e9s&nbsp;aux&nbsp;pers\u00e9cutions.&nbsp;Entre le1\u00b0&rsquo;&nbsp;octobre 2024&nbsp;et&nbsp;le30&nbsp;septembre 2025,&nbsp;l&rsquo;organisation a&nbsp;recens\u00e9&nbsp;3490&nbsp;chr\u00e9tiens tu\u00e9s&nbsp;en&nbsp;raison&nbsp;de&nbsp;leur&nbsp;foi&nbsp;et&nbsp;<em>2<\/em>293&nbsp;chr\u00e9tiens&nbsp;kidnapp\u00e9s ou port\u00e9s&nbsp;disparus.&nbsp;Les&nbsp;enl\u00e8vements touchent&nbsp;notamment des&nbsp;responsables de l&rsquo;Eglise,&nbsp;des pr\u00eatres et des pasteurs.<strong><\/strong><\/p>\n","protected":false},"excerpt":{"rendered":"<p>Leah\u00a0Sharibu 250 ans apr\u00e8s Marie Durand,les combats de foi de quatre femmes croyantes du Nigeria, de Syrie, d\u2019Iran ou de France, elles n\u2019ont jamais abandonn\u00e9 leur foi dans l\u2019\u00e9preuve. article publi\u00e9 dans l\u2018hebdomadaire protestant\u00a0R\u00e9formedu 3 septembre 2026 &nbsp; LEAH&nbsp;SHARIBU&nbsp;Enlev\u00e9e&nbsp;en 2018&nbsp;avec&nbsp;109&nbsp;camarades&nbsp;de&nbsp;classe,&nbsp;dans&nbsp;le&nbsp;nord&nbsp;du&nbsp;Nigeria,&nbsp;cette&nbsp;jeune&nbsp;fille&nbsp;de&nbsp;14&nbsp;ansest&nbsp;la&nbsp;seule&nbsp;\u00e0&nbsp;ne&nbsp;pas&nbsp;avoir&nbsp;\u00e9t\u00e9 rel\u00e2ch\u00e9e par ses&nbsp;ravisseurs pour avoir&nbsp;refus\u00e9&nbsp;de&nbsp;renier sa&nbsp;foi&nbsp;chr\u00e9tienne. Son&nbsp;nom&nbsp;vous&nbsp;est&nbsp;peut-\u00eatre&nbsp;familier&nbsp;:&nbsp;Leah&nbsp;Sharibu.&nbsp;En juin&nbsp;dernier,&nbsp;\u00e0 l&rsquo;occasion de&nbsp;la&nbsp;Journ\u00e9e&nbsp;internationale&nbsp;pourl&rsquo;\u00e9limination de&nbsp;la&nbsp;violence&nbsp;sexuelle&nbsp;en temps&nbsp;de&nbsp;conflit,&nbsp;la&nbsp;F\u00e9d\u00e9ration protestante de France&nbsp;et [&hellip;]<\/p>\n","protected":false},"author":2,"featured_media":0,"comment_status":"open","ping_status":"open","sticky":false,"template":"","format":"standard","meta":{"_jetpack_memberships_contains_paid_content":false,"footnotes":""},"categories":[11],"tags":[],"external_author":[183],"cited_author":[],"publisher":[],"book_author":[],"class_list":["post-4434","post","type-post","status-publish","format-standard","hentry","category-articles","external_author-alice-papin"],"jetpack_sharing_enabled":true,"jetpack_featured_media_url":"","_links":{"self":[{"href":"https:\/\/protestantsdanslaville.org\/wordpress\/wp-json\/wp\/v2\/posts\/4434","targetHints":{"allow":["GET"]}}],"collection":[{"href":"https:\/\/protestantsdanslaville.org\/wordpress\/wp-json\/wp\/v2\/posts"}],"about":[{"href":"https:\/\/protestantsdanslaville.org\/wordpress\/wp-json\/wp\/v2\/types\/post"}],"author":[{"embeddable":true,"href":"https:\/\/protestantsdanslaville.org\/wordpress\/wp-json\/wp\/v2\/users\/2"}],"replies":[{"embeddable":true,"href":"https:\/\/protestantsdanslaville.org\/wordpress\/wp-json\/wp\/v2\/comments?post=4434"}],"version-history":[{"count":1,"href":"https:\/\/protestantsdanslaville.org\/wordpress\/wp-json\/wp\/v2\/posts\/4434\/revisions"}],"predecessor-version":[{"id":4436,"href":"https:\/\/protestantsdanslaville.org\/wordpress\/wp-json\/wp\/v2\/posts\/4434\/revisions\/4436"}],"wp:attachment":[{"href":"https:\/\/protestantsdanslaville.org\/wordpress\/wp-json\/wp\/v2\/media?parent=4434"}],"wp:term":[{"taxonomy":"category","embeddable":true,"href":"https:\/\/protestantsdanslaville.org\/wordpress\/wp-json\/wp\/v2\/categories?post=4434"},{"taxonomy":"post_tag","embeddable":true,"href":"https:\/\/protestantsdanslaville.org\/wordpress\/wp-json\/wp\/v2\/tags?post=4434"},{"taxonomy":"external_author","embeddable":true,"href":"https:\/\/protestantsdanslaville.org\/wordpress\/wp-json\/wp\/v2\/external_author?post=4434"},{"taxonomy":"cited_author","embeddable":true,"href":"https:\/\/protestantsdanslaville.org\/wordpress\/wp-json\/wp\/v2\/cited_author?post=4434"},{"taxonomy":"publisher","embeddable":true,"href":"https:\/\/protestantsdanslaville.org\/wordpress\/wp-json\/wp\/v2\/publisher?post=4434"},{"taxonomy":"book_author","embeddable":true,"href":"https:\/\/protestantsdanslaville.org\/wordpress\/wp-json\/wp\/v2\/book_author?post=4434"}],"curies":[{"name":"wp","href":"https:\/\/api.w.org\/{rel}","templated":true}]}}