{"id":4426,"date":"2026-09-03T11:08:15","date_gmt":"2026-09-03T10:08:15","guid":{"rendered":"https:\/\/protestantsdanslaville.org\/wordpress\/?p=4426"},"modified":"2026-09-03T11:11:54","modified_gmt":"2026-09-03T10:11:54","slug":"jouis-de-la-vie","status":"publish","type":"post","link":"https:\/\/protestantsdanslaville.org\/wordpress\/jouis-de-la-vie\/","title":{"rendered":"Jouis de la vie"},"content":{"rendered":"\n<p class=\"wp-block-paragraph\"><strong>Romains 8.22-24<\/strong><\/p>\n\n\n\n<p class=\"wp-block-paragraph\"><em>Nous savons que, jusqu&rsquo;\u00e0 ce jour, la cr\u00e9ation tout enti\u00e8re soupire et souffre les douleurs de l&rsquo;enfantement.<\/em><em><\/em><\/p>\n\n\n\n<p class=\"wp-block-paragraph\"><em>Et ce n&rsquo;est pas elle seulement&nbsp;; mais nous aussi, qui avons les pr\u00e9mices de l&rsquo;Esprit, nous aussi nous soupirons en nous-m\u00eames, en attendant l&rsquo;adoption, la r\u00e9demption de notre corps.<br>Car c&rsquo;est en esp\u00e9rance que nous sommes sauv\u00e9s&#8230;<br>Nous savons, du reste, que toutes choses concourent au bien de ceux qui aiment Dieu.<br><br><\/em><em><\/em><\/p>\n\n\n\n<p class=\"wp-block-paragraph\"><strong>Eccl\u00e9siaste&nbsp;9.7-9<\/strong><\/p>\n\n\n\n<p class=\"wp-block-paragraph\"><em>Va, mange avec joie ton pain et bois gaiement ton vin car d\u00e8s longtemps Dieu prend plaisir \u00e0 ce que tu fais.<\/em><em><\/em><\/p>\n\n\n\n<p class=\"wp-block-paragraph\"><em>Qu&rsquo;en tout temps tes v\u00eatements soient blancs, et que le parfum ne manque pas sur ta t\u00eate.<\/em><em><\/em><\/p>\n\n\n\n<p class=\"wp-block-paragraph\"><strong><em>Jouis de la vie<\/em><\/strong><em>&nbsp;avec la femme que tu aimes, pendant tous les jours de ta vie de rien-du-tout, que Dieu te donne sous le soleil,<\/em><em><\/em><\/p>\n\n\n\n<p class=\"wp-block-paragraph\"><strong>La cr\u00e9ation tout enti\u00e8re soupire et souffre les douleurs de l&rsquo;enfantement.&nbsp;<\/strong><\/p>\n\n\n\n<p class=\"wp-block-paragraph\">Oui, on vit une p\u00e9riode o\u00f9 il est vraiment&nbsp;question de douleur&nbsp;: la cr\u00e9ation souffre nous dit-on&nbsp;:&nbsp;&nbsp;il y a la question lancinante des menaces de guerre, du r\u00e9chauffement climatique, de la disparition de certaines esp\u00e8ces.<\/p>\n\n\n\n<p class=\"wp-block-paragraph\">Il y a nos souffrances humaines&nbsp;: la d\u00e9pression qui se g\u00e9n\u00e9ralise, notamment chez les jeunes, l\u2019impression que personne ne croit plus en rien (sauf les islamistes \u00e9videmment&nbsp;! et les \u00e9vang\u00e9liques radicaux), les divorces, les cancers, les deuils, et puis \u00e9videmment les handicaps, les rhumatismes\u2026<\/p>\n\n\n\n<p class=\"wp-block-paragraph\">Mais remarquons que les douleurs dont parle Paul sont celles&nbsp;de l\u2019enfantement&nbsp;: Non pas \u00ab&nbsp;maudis Dieu et meurs&nbsp;\u00bb comme disait la femme de Job. Ces douleurs doivent d\u00e9boucher sur une vie nouvelle Comment peut-on rechercher un peu d\u2018esp\u00e9rance dans toute cette douleur de la cr\u00e9ation et de nous. Et Dieu dans tout \u00e7a&nbsp;?<\/p>\n\n\n\n<p class=\"wp-block-paragraph\"><br>Les \u00e9ditoriaux des journaux religieux commencent souvent pas \u00ab&nbsp;dans les tristes circonstances actuelles\u2026&nbsp;\u00bb&nbsp;Comment peut-on avoir un regard plus positif sur notre monde. Comment vivre dans la joie bienveillante de Dieu.<\/p>\n\n\n\n<p class=\"wp-block-paragraph\"><br><strong>.1. Vivre dans la joie bienveillante de Dieu, vivre dans la lumi\u00e8re de Dieu<\/strong><br><br><\/p>\n\n\n\n<p class=\"wp-block-paragraph\">D\u00e9j\u00e0 l\u2019Eccl\u00e9siaste disait&nbsp;:&nbsp;<\/p>\n\n\n\n<p class=\"wp-block-paragraph\"><strong>\u00ab&nbsp;jouis de la vie avec la femme que tu aimes pendant tous les jours de ta vie de rien-du-tout que Dieu te donne sous le soleil. \u00bb&nbsp;<\/strong>[Avec l\u2019homme que tu aimes, la famille que tu aimes].<\/p>\n\n\n\n<p class=\"wp-block-paragraph\">Il ne s\u2019agit pas d\u2019\u00eatre optimiste. Il s\u2019agit d\u2019une vie spirituelle que nous pouvons orienter dans la joie bienveillante de Dieu.<\/p>\n\n\n\n<p class=\"wp-block-paragraph\">Le professeur Paul Tillich disait&nbsp;: commencez par arr\u00eater de penser&nbsp;Dieu comme un tout-puissant&nbsp;dirigeant toutes choses depuis son ciel, pour le mieux, ce qui ne fonctionne pas vraiment. Pensez plut\u00f4t&nbsp;Dieu actif dans nos c\u0153urs.<\/p>\n\n\n\n<p class=\"wp-block-paragraph\"><em>Dieu en nous, Dieu n\u2019est pas sans nous, mais Dieu est plus que nous.<\/em><\/p>\n\n\n\n<p class=\"wp-block-paragraph\">On n\u2019est pas oblig\u00e9 de croire au P\u00e9ch\u00e9 originel, doctrine selon laquelle, depuis qu\u2019Adam et \u00c8ve ont mang\u00e9 la fameuse \u00ab&nbsp;pomme&nbsp;\u00bb les hommes sont tous coupables, enclins au mal, incapables de faire v\u00e9ritablement le bien et offensent Dieu sans cesse.<\/p>\n\n\n\n<p class=\"wp-block-paragraph\">Le professeur Mathew Fox, aux \u00c9tats-Unis, en Californie, disait de renoncer \u00e0 parler du&nbsp;\u00ab&nbsp;P\u00e9ch\u00e9 originel&nbsp;\u00bb et \u00e0 parler plut\u00f4t de la \u00ab&nbsp;Gr\u00e2ce originelle&nbsp;\u00bb&nbsp;<\/p>\n\n\n\n<p class=\"wp-block-paragraph\">Les \u00c9glises, disait-il, cr\u00e9ent un \u00e9tat d\u2018esprit d\u00e9l\u00e9t\u00e8re en r\u00e9p\u00e9tant que nous sommes coupables, critiquables, que nos prises de position, nos attitudes sont mauvaises d\u00e8s notre naissance.<\/p>\n\n\n\n<p class=\"wp-block-paragraph\">Nous n\u2019avons pas, finalement \u00e0 \u00ab&nbsp;esp\u00e9rer&nbsp;\u00bb que les choses s\u2019arrangent, alors que nous n\u2019y croyons gu\u00e8re. Ce que nous devons faire est laisser monter en l\u2019Esprit de vie que Dieu renouvelle en nous et nous impliquer ainsi dans cette vie de joie. Vie en nous, en notre prochain \u2013 que nous pouvons aimer comme nous-m\u00eame puisqu\u2019en lui aussi, tel qu\u2019il est, qu\u2019il en soit conscient ou qu\u2019il l\u2019ignore, Dieu fait monter sa vie de joie.&nbsp;<\/p>\n\n\n\n<p class=\"wp-block-paragraph\">Les animaux aussi vivent et en eux aussi Dieu fait monter son dynamisme de vie.<\/p>\n\n\n\n<p class=\"wp-block-paragraph\">Tout, dans le ciel et sur la terre est&nbsp;l\u2019objet de ce rayonnement de joie bienveillante du Dieu d\u2019amour, malgr\u00e9 tout<\/p>\n\n\n\n<p class=\"wp-block-paragraph\">Un pasteur canadien disait&nbsp;:&nbsp;<em>J\u2019ai vu quelque chose de merveilleux, lors d\u2019un coucher de soleil sur les bords d\u2019un lac : deux jeunes amoureux se promenaient main dans la main, un couple \u00e2g\u00e9 \u00e9tait assis sur un banc, des adolescents s\u2019\u00e9claboussaient dans l\u2019eau et des enfants cherchaient des galets qui leur conviennent. Ils \u00e9taient tous chacun dans son monde. Et brusquement, lorsque le ciel s\u2019est embras\u00e9 de rouge, tous se sont fig\u00e9s sur place \u00e0 la vue de cette beaut\u00e9.<br>Pourquoi regarde-t-on le coucher de soleil&nbsp;? Sa beaut\u00e9 est-elle inscrite dans notre ADN&nbsp;? Je le crois. Il y a une profondeur qui suscite en nous contemplation et recueillement.<\/em><\/p>\n\n\n\n<p class=\"wp-block-paragraph\"><br><strong>2. Il faut bien admettre qu\u2019il y a aussi les souffrances.&nbsp;&nbsp;Il y a la lumi\u00e8re de Dieu mais il y a aussi les t\u00e9n\u00e8bres.<\/strong><\/p>\n\n\n\n<p class=\"wp-block-paragraph\">Dire cela n\u2019est pas du pessimisme. C\u2019est d\u00e9velopper notre vie spirituelle en y puisant la force et la capacit\u00e9 de reconna\u00eetre qu\u2019il y a dans notre mode ces malheurs dont la \u00ab&nbsp;cr\u00e9ation tout enti\u00e8re souffre&nbsp;\u00bb. Il y a bien cette obscurit\u00e9 dont Jacques Chirac disait&nbsp;: \u00ab&nbsp;quand les malheurs arrivent, il volent en escadrille&nbsp;\u00bb&nbsp;<\/p>\n\n\n\n<p class=\"wp-block-paragraph\">Les animaux aussi souffrent et participent \u00e0 cette \u00ab&nbsp;cr\u00e9ation tout enti\u00e8re qui souffre.&nbsp;\u00bb Pensons \u00e0 ces centaines de milliers de canards qui vont sans doute \u00eatre abattus \u00e0 cause de la grippe aviaire.<\/p>\n\n\n\n<p class=\"wp-block-paragraph\">Certains de ces malheurs surgissaient de l\u2019ext\u00e9rieur et nous agressaient. D\u2019autres provenaient de nos attitudes personnelles n\u00e9gatives int\u00e9rieures.<\/p>\n\n\n\n<p class=\"wp-block-paragraph\">Notre vie spirituelle nous fait comprendre que, certes, en r\u00e9alit\u00e9&nbsp;la vie de Dieu est l\u00e0 mais que la Croix du Christ est plant\u00e9e dans notre monde et que nous vivons tous \u00e0 son ombre.<\/p>\n\n\n\n<p class=\"wp-block-paragraph\"><strong>.3. On peut passer des t\u00e9n\u00e8bres \u00e0 la lumi\u00e8re&nbsp;car la R\u00e9surrection existe.<\/strong><br>Quand les malheurs arrivent en escadrille on peut n\u00e9anmoins conna\u00eetre la joie bienveillante de Dieu. On peut conna\u00eetre son Esprit de renouveau, se ressaisir,&nbsp;<\/p>\n\n\n\n<p class=\"wp-block-paragraph\">On vit certes \u00e0 la fois dans la lumi\u00e8re et dans les t\u00e9n\u00e8bres mais elles ne sont pas \u00e9quivalentes.<br>La vie triomphe toujours de la mort et la lumi\u00e8re des t\u00e9n\u00e8bres.&nbsp;<\/p>\n\n\n\n<p class=\"wp-block-paragraph\">\u2022 Lorsque les malheurs auxquels on ne peut rien arrivent de l\u2019ext\u00e9rieur, comme le Covid, les rhumatismes, les cancers, Dieu est l\u00e0, n\u00e9anmoins, toujours pr\u00e9sent, \u00e0 l\u2019\u0153uvre pour en tirer quelque chose de bien. Et s\u2019il a de la peine \u00e0 le faire c\u2019est que le seul outil dont il dispose est nous-m\u00eames, nous les hommes qu\u2019il aime.<\/p>\n\n\n\n<p class=\"wp-block-paragraph\">\u2022 Il y a aussi des souffrances qui se d\u00e9veloppent \u00e0 l\u2019int\u00e9rieur de nous dans notre fragilit\u00e9, dans notre attitude facilement angoiss\u00e9e, d\u00e9pressive.<\/p>\n\n\n\n<p class=\"wp-block-paragraph\">C\u2019est alors \u00e0 nous de \u00ab&nbsp;ne pas \u00e9touffer l\u2019Esprit&nbsp;\u00bb comme disait saint Paul mais de rechercher notre paix en Dieu.&nbsp;Nous pouvons chanter un cantique, lire un passage de la Bible,&nbsp;m\u00e9diter pour voir le monde et notre propre vie avec le regard m\u00eame de J\u00e9sus-Christ.<\/p>\n\n\n\n<p class=\"wp-block-paragraph\">La r\u00e9surrection int\u00e9rieure, cela existe&nbsp;!<\/p>\n\n\n\n<p class=\"wp-block-paragraph\">&nbsp;On peut passer de l\u2019obscurit\u00e9 int\u00e9rieure \u00e0 la lumi\u00e8re.<\/p>\n\n\n\n<p class=\"wp-block-paragraph\"><strong>&nbsp;\u2022 4 \u2022&nbsp;Mais la vie n\u2019est pas un passage continu d\u2019une situation de t\u00e9n\u00e8bres \u00e0 la d\u00e9livrance apport\u00e9e par la lumi\u00e8re.<\/strong><br>Paul disait bien&nbsp;:&nbsp;<strong>\u00ab&nbsp;Dieu Fait&nbsp;concourir toutes choses au bien de ceux qui aiment Dieu.&nbsp;\u00bb<\/strong><br>La lumi\u00e8re et les t\u00e9n\u00e8bres sont souvent \u2013 sont toujours \u2013 pr\u00e9sentes ensemble.<\/p>\n\n\n\n<p class=\"wp-block-paragraph\">Dans la lumi\u00e8re, il y a souvent aussi un peu \u2013 ou beaucoup \u2013 d\u2019obscurit\u00e9 et dans les t\u00e9n\u00e8bres il y a toujours de la lumi\u00e8re de Dieu. Et on peut vivre dans les t\u00e9n\u00e8bres puisque Dieu y est, nous tient la main et fait briller de sa lumi\u00e8re dans nos yeux.<\/p>\n\n\n\n<p class=\"wp-block-paragraph\">Au c\u0153ur du malheur, se trouve toujours la joie bienveillante de Dieu.&nbsp;<\/p>\n\n\n\n<p class=\"wp-block-paragraph\">J\u2019ai connu une dame infirme clou\u00e9e dans un fauteuil roulant&nbsp;depuis sa d\u00e9portation dans un camp de concentration. Elle ne pouvait ni se lever ni marcher. Lors d\u2019un cercle biblique o\u00f9 nous lisions le proph\u00e8te \u00c9sa\u00efe&nbsp;:&nbsp;\u00ab&nbsp;Le boiteux saute comme un cerf&nbsp;\u00bb (35.6) quelqu\u2019un s\u2019est \u00e9cri\u00e9&nbsp;: mais Mme Untel ne saute pas comme un cerf. J\u2019ai vu une lueur briller dans les yeux de cette dame et elle s\u2019est \u00e9cri\u00e9e&nbsp;: \u00ab&nbsp;quoi&nbsp;! vous n\u2019avez pas l\u2019impression que je saute comme un cerf&nbsp;?&nbsp;\u00bb<\/p>\n\n\n\n<p class=\"wp-block-paragraph\">Ouvrir les yeux sur le monde dans lequel Dieu veut la joie, nous ouvrir \u00e0 lui dans une attitude positive. Poser de petits actes cr\u00e9ateurs de compassion et de justice \u00e0 l\u2019\u00e9gard de notre prochain, en jetant un regard cr\u00e9ateur sur l\u2019humanit\u00e9, nous ouvrir \u00e0 la lib\u00e9ration des opprim\u00e9s, \u00e0 l\u2019esp\u00e9rance et \u00e0 la participation de la gu\u00e9rison de toute vie.&nbsp;<\/p>\n\n\n\n<p class=\"wp-block-paragraph\">&nbsp;Le pasteur canadien ajoutait&nbsp;:&nbsp;<\/p>\n\n\n\n<p class=\"wp-block-paragraph\">&nbsp;<em>J\u2019ai personnellement exp\u00e9riment\u00e9 ce moment de renouveau, de r\u00e9surrection, d\u2019entr\u00e9e dans une nouvelle vie en contemplant une aurore bor\u00e9ale, en voyant mon petit-fils me sourire, en recevant la communion, en \u00e9tant arr\u00eat\u00e9 par la police pour avoir aid\u00e9 des homosexuels et des transgenres, en tenant fermement la main d\u2019un mourant.<\/em><\/p>\n\n\n\n<p class=\"wp-block-paragraph\">s<\/p>\n","protected":false},"excerpt":{"rendered":"<p>Romains 8.22-24 Nous savons que, jusqu&rsquo;\u00e0 ce jour, la cr\u00e9ation tout enti\u00e8re soupire et souffre les douleurs de l&rsquo;enfantement. Et ce n&rsquo;est pas elle seulement&nbsp;; mais nous aussi, qui avons les pr\u00e9mices de l&rsquo;Esprit, nous aussi nous soupirons en nous-m\u00eames, en attendant l&rsquo;adoption, la r\u00e9demption de notre corps.Car c&rsquo;est en esp\u00e9rance que nous sommes sauv\u00e9s&#8230;Nous [&hellip;]<\/p>\n","protected":false},"author":2,"featured_media":0,"comment_status":"open","ping_status":"open","sticky":false,"template":"","format":"standard","meta":{"_jetpack_memberships_contains_paid_content":false,"footnotes":""},"categories":[11],"tags":[],"external_author":[31],"cited_author":[],"publisher":[],"book_author":[],"class_list":["post-4426","post","type-post","status-publish","format-standard","hentry","category-articles","external_author-gilles-castelnau"],"jetpack_sharing_enabled":true,"jetpack_featured_media_url":"","_links":{"self":[{"href":"https:\/\/protestantsdanslaville.org\/wordpress\/wp-json\/wp\/v2\/posts\/4426","targetHints":{"allow":["GET"]}}],"collection":[{"href":"https:\/\/protestantsdanslaville.org\/wordpress\/wp-json\/wp\/v2\/posts"}],"about":[{"href":"https:\/\/protestantsdanslaville.org\/wordpress\/wp-json\/wp\/v2\/types\/post"}],"author":[{"embeddable":true,"href":"https:\/\/protestantsdanslaville.org\/wordpress\/wp-json\/wp\/v2\/users\/2"}],"replies":[{"embeddable":true,"href":"https:\/\/protestantsdanslaville.org\/wordpress\/wp-json\/wp\/v2\/comments?post=4426"}],"version-history":[{"count":2,"href":"https:\/\/protestantsdanslaville.org\/wordpress\/wp-json\/wp\/v2\/posts\/4426\/revisions"}],"predecessor-version":[{"id":4428,"href":"https:\/\/protestantsdanslaville.org\/wordpress\/wp-json\/wp\/v2\/posts\/4426\/revisions\/4428"}],"wp:attachment":[{"href":"https:\/\/protestantsdanslaville.org\/wordpress\/wp-json\/wp\/v2\/media?parent=4426"}],"wp:term":[{"taxonomy":"category","embeddable":true,"href":"https:\/\/protestantsdanslaville.org\/wordpress\/wp-json\/wp\/v2\/categories?post=4426"},{"taxonomy":"post_tag","embeddable":true,"href":"https:\/\/protestantsdanslaville.org\/wordpress\/wp-json\/wp\/v2\/tags?post=4426"},{"taxonomy":"external_author","embeddable":true,"href":"https:\/\/protestantsdanslaville.org\/wordpress\/wp-json\/wp\/v2\/external_author?post=4426"},{"taxonomy":"cited_author","embeddable":true,"href":"https:\/\/protestantsdanslaville.org\/wordpress\/wp-json\/wp\/v2\/cited_author?post=4426"},{"taxonomy":"publisher","embeddable":true,"href":"https:\/\/protestantsdanslaville.org\/wordpress\/wp-json\/wp\/v2\/publisher?post=4426"},{"taxonomy":"book_author","embeddable":true,"href":"https:\/\/protestantsdanslaville.org\/wordpress\/wp-json\/wp\/v2\/book_author?post=4426"}],"curies":[{"name":"wp","href":"https:\/\/api.w.org\/{rel}","templated":true}]}}