{"id":3158,"date":"2026-01-17T00:28:29","date_gmt":"2026-01-16T23:28:29","guid":{"rendered":"https:\/\/protestantsdanslaville.org\/wordpress\/?p=3158"},"modified":"2026-01-17T18:59:20","modified_gmt":"2026-01-17T17:59:20","slug":"notre-petite-taille","status":"publish","type":"post","link":"https:\/\/protestantsdanslaville.org\/wordpress\/notre-petite-taille\/","title":{"rendered":"Notre petite taille"},"content":{"rendered":"\n<p class=\"has-text-align-center\">pr\u00eatre de l&rsquo;\u00c9glise \u00e9piscopalienne, Californie<\/p>\n\n\n\n<p class=\"has-text-align-center\">Traduction Google<\/p>\n\n\n\n<p>Si l&rsquo;on se penche sur l&rsquo;histoire de la mont\u00e9e du nazisme et que l&rsquo;on compare les postures et les fonctions des Chemises brunes et de la Gestapo, on se fait une id\u00e9e assez pr\u00e9cise des activit\u00e9s de l&rsquo;ICE dans les villes am\u00e9ricaines aujourd&rsquo;hui. J&rsquo;ai acquis cette impression en visionnant plusieurs vid\u00e9os authentiques. Le but est de terroriser, de cr\u00e9er un climat d&rsquo;ins\u00e9curit\u00e9 permanent, de rassembler un nombre suffisamment important de personnes pour justifier l&rsquo;existence d&rsquo;un \u00ab&nbsp;ennemi int\u00e9rieur&nbsp;\u00bb, et d&rsquo;abattre sur-le-champ ceux qui refusent d&rsquo;obtemp\u00e9rer.<\/p>\n\n\n\n<p>J&rsquo;ai le plus grand regret d&rsquo;\u00e9crire ces mots, et plus encore d&rsquo;\u00eatre t\u00e9moin des \u00e9v\u00e9nements que je d\u00e9cris. Je ne pense pas que quiconque s&rsquo;attendait \u00e0 voir cela. \u00c0 l&rsquo;exception \u2014&nbsp;comme on l&rsquo;a constat\u00e9&nbsp;\u2014 des groupes cibl\u00e9s, tels que les Afro-Am\u00e9ricains et les Am\u00e9rindiens, qui ont toujours su visc\u00e9ralement ce que signifie la fureur d\u00e9brid\u00e9e du racisme et combien elle est toujours sur le point d&rsquo;exploser. Le traumatisme que vivent actuellement de nombreux Blancs ne leur est pas \u00e9tranger.<\/p>\n\n\n\n<p>Je pense que cette page peut \u00eatre parfaitement adapt\u00e9e \u00e0 notre situation actuelle. Mais la prochaine \u00e9tape sugg\u00e9r\u00e9e par Matthieu l&rsquo;est \u00e9galement. Hier comme aujourd&rsquo;hui, la solution n&rsquo;est pas de sombrer dans le d\u00e9sespoir face \u00e0 notre petitesse, mais de nous ouvrir \u00e0 l&rsquo;immensit\u00e9 de l&rsquo;amour et de la douleur que nous pouvons contenir, en nous souvenant du miracle que repr\u00e9sente l&rsquo;humanit\u00e9. Matthew Fox \u00e9crit&nbsp;:<\/p>\n\n\n\n<p><em>\u00ab&nbsp;Malgr\u00e9 toute l&rsquo;immensit\u00e9, la divinit\u00e9, le contact avec les cieux et les mers, la puissance et l&rsquo;amour dont nous sommes capables, nous ne sommes encore qu&rsquo;une \u00e9tincelle dans un fil \u00e9lectrique, vou\u00e9e \u00e0 durer aussi longtemps que l&rsquo;\u00e9clair d&rsquo;un feu d&rsquo;artifice. Bien que nous soyons cr\u00e9ateurs et que nous nous en r\u00e9jouissions, nous sommes des cr\u00e9ateurs cr\u00e9\u00e9s, non des cr\u00e9ateurs autodidactes. D&rsquo;abord, nous avons re\u00e7u.&nbsp;\u00bb<\/em><\/p>\n\n\n\n<p>C\u2019est \u00e0 ce moment pr\u00e9cis que Matthew Fox explique que <em>reconna\u00eetre notre petitesse (\u2026) c\u2019est reconna\u00eetre notre responsabilit\u00e9 de transmettre cette petitesse.<\/em> Il s\u2019agit de l\u00e9guer la possibilit\u00e9 de l\u2019exp\u00e9rience du divin, de la joie de vivre, de l\u2019extase, \u00e0 ceux qui nous entourent et \u00e0 ceux qui viendront apr\u00e8s nous. Il poursuit&nbsp;: <em>\u00ab&nbsp;Que pouvons-nous demander de plus, implorer, voire prier pour que ce soit autre chose que d\u2019\u00eatre les instruments de quelque chose de plus grand que nous&nbsp;: des instruments d\u2019extase&nbsp;?&nbsp;\u00bb<\/em><\/p>\n\n\n\n<p>Voil\u00e0. Plus les dragons tentent de nous rabaisser et de nous faire sentir insignifiants, plus nous devons nous \u00e9lever. Non pas en cherchant \u00e0 para\u00eetre importants. Et sans regretter de ne pas en faire assez&nbsp;\u2014&nbsp;la surench\u00e8re et la d\u00e9valorisation de l\u2019ego sont contre-productives, surtout en ce moment.<\/p>\n\n\n\n<p>Je nous exhorte \u00e0 prendre conscience que nous accomplissons d\u00e9j\u00e0 notre mission, et que nous l\u2019accomplissons plut\u00f4t bien, si nous nous souvenons de l\u2019extase de la vie et que nous la transmettons. Quel que soit le contexte. J\u2019ose m\u00eame dire, aujourd\u2019hui plus que jamais. Je crois que Renee Good profitait de la vie, que cette joie lui donnait la force d&rsquo;agir pour d\u00e9fendre les autres, et que le voyou de l&rsquo;ICE qui l&rsquo;a assassin\u00e9e a vu cette joie sur son visage et l&rsquo;a per\u00e7ue dans ses paroles. Il l&rsquo;a mal interpr\u00e9t\u00e9e, la prenant pour une provocation, comme le font souvent les personnes profond\u00e9ment bris\u00e9es, et a tir\u00e9, tuant non seulement elle, mais aussi son propr<\/p>\n","protected":false},"excerpt":{"rendered":"<p>pr\u00eatre de l&rsquo;\u00c9glise \u00e9piscopalienne, Californie Traduction Google Si l&rsquo;on se penche sur l&rsquo;histoire de la mont\u00e9e du nazisme et que l&rsquo;on compare les postures et les fonctions des Chemises brunes et de la Gestapo, on se fait une id\u00e9e assez pr\u00e9cise des activit\u00e9s de l&rsquo;ICE dans les villes am\u00e9ricaines aujourd&rsquo;hui. J&rsquo;ai acquis cette impression en [&hellip;]<\/p>\n","protected":false},"author":2,"featured_media":0,"comment_status":"open","ping_status":"open","sticky":false,"template":"","format":"standard","meta":{"_jetpack_memberships_contains_paid_content":false,"footnotes":""},"categories":[11],"tags":[],"external_author":[84],"cited_author":[],"publisher":[],"book_author":[],"class_list":["post-3158","post","type-post","status-publish","format-standard","hentry","category-articles","external_author-gianluigi-gugliermetto"],"jetpack_sharing_enabled":true,"jetpack_featured_media_url":"","_links":{"self":[{"href":"https:\/\/protestantsdanslaville.org\/wordpress\/wp-json\/wp\/v2\/posts\/3158","targetHints":{"allow":["GET"]}}],"collection":[{"href":"https:\/\/protestantsdanslaville.org\/wordpress\/wp-json\/wp\/v2\/posts"}],"about":[{"href":"https:\/\/protestantsdanslaville.org\/wordpress\/wp-json\/wp\/v2\/types\/post"}],"author":[{"embeddable":true,"href":"https:\/\/protestantsdanslaville.org\/wordpress\/wp-json\/wp\/v2\/users\/2"}],"replies":[{"embeddable":true,"href":"https:\/\/protestantsdanslaville.org\/wordpress\/wp-json\/wp\/v2\/comments?post=3158"}],"version-history":[{"count":2,"href":"https:\/\/protestantsdanslaville.org\/wordpress\/wp-json\/wp\/v2\/posts\/3158\/revisions"}],"predecessor-version":[{"id":3163,"href":"https:\/\/protestantsdanslaville.org\/wordpress\/wp-json\/wp\/v2\/posts\/3158\/revisions\/3163"}],"wp:attachment":[{"href":"https:\/\/protestantsdanslaville.org\/wordpress\/wp-json\/wp\/v2\/media?parent=3158"}],"wp:term":[{"taxonomy":"category","embeddable":true,"href":"https:\/\/protestantsdanslaville.org\/wordpress\/wp-json\/wp\/v2\/categories?post=3158"},{"taxonomy":"post_tag","embeddable":true,"href":"https:\/\/protestantsdanslaville.org\/wordpress\/wp-json\/wp\/v2\/tags?post=3158"},{"taxonomy":"external_author","embeddable":true,"href":"https:\/\/protestantsdanslaville.org\/wordpress\/wp-json\/wp\/v2\/external_author?post=3158"},{"taxonomy":"cited_author","embeddable":true,"href":"https:\/\/protestantsdanslaville.org\/wordpress\/wp-json\/wp\/v2\/cited_author?post=3158"},{"taxonomy":"publisher","embeddable":true,"href":"https:\/\/protestantsdanslaville.org\/wordpress\/wp-json\/wp\/v2\/publisher?post=3158"},{"taxonomy":"book_author","embeddable":true,"href":"https:\/\/protestantsdanslaville.org\/wordpress\/wp-json\/wp\/v2\/book_author?post=3158"}],"curies":[{"name":"wp","href":"https:\/\/api.w.org\/{rel}","templated":true}]}}