{"id":3147,"date":"2026-01-14T23:31:22","date_gmt":"2026-01-14T22:31:22","guid":{"rendered":"https:\/\/protestantsdanslaville.org\/wordpress\/?p=3147"},"modified":"2026-01-15T09:37:56","modified_gmt":"2026-01-15T08:37:56","slug":"3147-2","status":"publish","type":"post","link":"https:\/\/protestantsdanslaville.org\/wordpress\/3147-2\/","title":{"rendered":"Je ne crois plus&#8230;"},"content":{"rendered":"\n<p><\/p>\n\n\n\n<p>auteure chr\u00e9tienne am\u00e9rindienne<\/p>\n\n\n\n<p>traduction Gilles Castelnau<\/p>\n\n\n\n<p><strong>Question<\/strong><\/p>\n\n\n\n<p>J&rsquo;ai \u00e9t\u00e9 \u00e9lev\u00e9e dans l\u2019\u00c9glise baptiste du Sud (\u00c9troite et fondamentaliste. Note de G.C.) et j&rsquo;en suis arriv\u00e9e \u00e0 un point o\u00f9 je ne crois plus en une puissance sup\u00e9rieure, comme un enfant ne croit plus au P\u00e8re No\u00ebl. Je prends acte du fait que plus personne ne veille sur moi ou sur mes proches et qu\u2019il n\u2019y a peut-\u00eatre m\u00eame plus d&rsquo;au-del\u00e0. \u00c9videmment cela me bouleverse. Mais en m\u00eame temps, je suis soulag\u00e9e de ne plus avoir \u00e0 croire en un Dieu favorisant les uns et pas les autres ni d\u2019avoir \u00e0 expliquer toutes les contradictions que contient la Bible.&nbsp;<\/p>\n\n\n\n<p><strong>R\u00e9ponse de Kaitlin Curtice<\/strong><\/p>\n\n\n\n<p>Vous avez atteint un stade de votre vie auquel bien des fondamentalistes ne parviennent pas. Je suis moi-m\u00eame pass\u00e9e par l\u00e0 et voici ce que je pense d\u00e9sormais.<\/p>\n\n\n\n<p>Je trouve r\u00e9confortant de constater que l&rsquo;univers est plus vaste que les murs de l\u2019\u00e9glise baptistes o\u00f9 j&rsquo;ai grandi&nbsp;! Je suis bien heureuse d\u2019\u00eatre lib\u00e9r\u00e9e du Dieu patriarcal blanc qui contr\u00f4le tout et ne b\u00e9nit que ceux qu&rsquo;il juge dignes et d\u2019\u00eatre d\u00e9sormais envelopp\u00e9e par un Myst\u00e8re qui me d\u00e9passe. Je respire mieux, je me pose librement de grandes questions, je m&rsquo;\u00e9merveille.<\/p>\n\n\n\n<p>S&rsquo;il n&rsquo;y a pas de vie apr\u00e8s la mort, si nous ignorons ce que l&rsquo;avenir nous r\u00e9serve, nous pouvons n\u00e9anmoins \u00eatre des humains aimants et bienveillants et respectueux des autres. Ce qui nous appartient, c&rsquo;est l&rsquo;instant pr\u00e9sent, et nous pouvons le vivre pleinement. Nous pouvons nous \u00e9merveiller devant le changement de couleur des feuilles et leur chute, ou devant le scintillement de la glace au soleil.<\/p>\n\n\n\n<p>Nous sommes faits pour la vie, pour la recherche, pour l&rsquo;existence, pour les questions, pour cette pr\u00e9cieuse \u00e2me d&rsquo;enfant qui interroge sans pour autant nous laisser enfermer dans les carcans religieux de notre enfance. Et c\u2019est bien.<\/p>\n","protected":false},"excerpt":{"rendered":"<p>auteure chr\u00e9tienne am\u00e9rindienne traduction Gilles Castelnau Question J&rsquo;ai \u00e9t\u00e9 \u00e9lev\u00e9e dans l\u2019\u00c9glise baptiste du Sud (\u00c9troite et fondamentaliste. Note de G.C.) et j&rsquo;en suis arriv\u00e9e \u00e0 un point o\u00f9 je ne crois plus en une puissance sup\u00e9rieure, comme un enfant ne croit plus au P\u00e8re No\u00ebl. Je prends acte du fait que plus personne ne [&hellip;]<\/p>\n","protected":false},"author":2,"featured_media":0,"comment_status":"open","ping_status":"open","sticky":false,"template":"","format":"standard","meta":{"_jetpack_memberships_contains_paid_content":false,"footnotes":""},"categories":[11],"tags":[],"external_author":[179],"cited_author":[],"publisher":[],"book_author":[],"class_list":["post-3147","post","type-post","status-publish","format-standard","hentry","category-articles","external_author-kaitlin-curtice"],"jetpack_sharing_enabled":true,"jetpack_featured_media_url":"","_links":{"self":[{"href":"https:\/\/protestantsdanslaville.org\/wordpress\/wp-json\/wp\/v2\/posts\/3147","targetHints":{"allow":["GET"]}}],"collection":[{"href":"https:\/\/protestantsdanslaville.org\/wordpress\/wp-json\/wp\/v2\/posts"}],"about":[{"href":"https:\/\/protestantsdanslaville.org\/wordpress\/wp-json\/wp\/v2\/types\/post"}],"author":[{"embeddable":true,"href":"https:\/\/protestantsdanslaville.org\/wordpress\/wp-json\/wp\/v2\/users\/2"}],"replies":[{"embeddable":true,"href":"https:\/\/protestantsdanslaville.org\/wordpress\/wp-json\/wp\/v2\/comments?post=3147"}],"version-history":[{"count":2,"href":"https:\/\/protestantsdanslaville.org\/wordpress\/wp-json\/wp\/v2\/posts\/3147\/revisions"}],"predecessor-version":[{"id":3154,"href":"https:\/\/protestantsdanslaville.org\/wordpress\/wp-json\/wp\/v2\/posts\/3147\/revisions\/3154"}],"wp:attachment":[{"href":"https:\/\/protestantsdanslaville.org\/wordpress\/wp-json\/wp\/v2\/media?parent=3147"}],"wp:term":[{"taxonomy":"category","embeddable":true,"href":"https:\/\/protestantsdanslaville.org\/wordpress\/wp-json\/wp\/v2\/categories?post=3147"},{"taxonomy":"post_tag","embeddable":true,"href":"https:\/\/protestantsdanslaville.org\/wordpress\/wp-json\/wp\/v2\/tags?post=3147"},{"taxonomy":"external_author","embeddable":true,"href":"https:\/\/protestantsdanslaville.org\/wordpress\/wp-json\/wp\/v2\/external_author?post=3147"},{"taxonomy":"cited_author","embeddable":true,"href":"https:\/\/protestantsdanslaville.org\/wordpress\/wp-json\/wp\/v2\/cited_author?post=3147"},{"taxonomy":"publisher","embeddable":true,"href":"https:\/\/protestantsdanslaville.org\/wordpress\/wp-json\/wp\/v2\/publisher?post=3147"},{"taxonomy":"book_author","embeddable":true,"href":"https:\/\/protestantsdanslaville.org\/wordpress\/wp-json\/wp\/v2\/book_author?post=3147"}],"curies":[{"name":"wp","href":"https:\/\/api.w.org\/{rel}","templated":true}]}}