{"id":3137,"date":"2026-01-13T10:15:05","date_gmt":"2026-01-13T09:15:05","guid":{"rendered":"https:\/\/protestantsdanslaville.org\/wordpress\/?p=3137"},"modified":"2026-01-13T10:18:23","modified_gmt":"2026-01-13T09:18:23","slug":"un-coeur-joyeux-et-inspire-en-ces-temps-difficiles","status":"publish","type":"post","link":"https:\/\/protestantsdanslaville.org\/wordpress\/un-coeur-joyeux-et-inspire-en-ces-temps-difficiles\/","title":{"rendered":"Un c\u0153ur joyeux et inspir\u00e9 en ces temps difficiles"},"content":{"rendered":"\n<p>Pr\u00eatre de l&rsquo;\u00c9glise \u00e9piscopalienne de Californie<\/p>\n\n\n\n<p>La gratitude est une des plus importantes mani\u00e8res de prier. C\u2019est pratiquer la Via Positiva (&nbsp;1&nbsp;). C\u2019est une attitude de reconnaissance, de respect, d\u2019ouverture. C\u2019est prendre conscience du fait que ce n\u2019est pas nous qui cr\u00e9ons notre vie mais que c\u2019est elle qui nous cr\u00e9e.<\/p>\n\n\n\n<p>Thomas d&rsquo;Aquin disait&nbsp;: \u00ab&nbsp;La religion est une reconnaissance et la gratitude supr\u00eame.&nbsp;\u00bb<\/p>\n\n\n\n<p>On ne se contente plus aujourd\u2019hui de rapporter la naissance du cosmos il y a 13,8&nbsp;milliards d&rsquo;ann\u00e9es, on contemple aussi gr\u00e2ce au t\u00e9lescope Webb et aux autres d\u00e9couvertes scientifiques l\u2019immense mouvement des \u00e9toiles, des supernovas et des galaxies qui nous a finalement engendr\u00e9s tels que nous sommes.<br>En prendre connaissance est une authentique attitude pri\u00e8re, source d&rsquo;\u00e9merveillement, d&rsquo;inspiration et de gratitude. Engageons-nous davantage dans cette r\u00e9flexion.<\/p>\n\n\n\n<p>Une autre forme de pri\u00e8re consiste \u00e0 entrer dans le silence de la contemplation. Dans la solitude et le silence int\u00e9rieurs on peut prendre l\u2019habitude du l\u00e2cher prise et de l\u2019acceptation de la Via Negativa.<\/p>\n\n\n\n<p>Celle-ci nourrit la Via Positiva et fait prendre conscience de la joie, de la gratitude et du respect qui en \u00e9mergent.<br>Nous luttons alors courageusement contre un esprit de dictature cruelle et \u00e9gocentrique en faveur de la vie dans une d\u00e9mocratie vivante et fraternelle.<\/p>\n\n\n\n<p>Accepter de participer et de comprendre la souffrance et l&rsquo;obscurit\u00e9 du monde, son chagrin et le malheur qui y r\u00e8gnent, est aussi une mani\u00e8re de prier. \u00catre capable de se demander&nbsp;: \u00ab&nbsp;Que puis-je apprendre&nbsp;?&nbsp;\u00bb \u00ab&nbsp;Qu&rsquo;as-tu \u00e0 me dire&nbsp;?&nbsp;\u00bb<\/p>\n\n\n\n<p>Quant \u00e0 la via Cr\u00e9ativa, elle est l\u2019attitude o\u00f9 nous imaginons dans la pri\u00e8re comment mieux rendre gr\u00e2ce en constituant avec les autres une communaut\u00e9 responsable. L\u2019Esprit saint nous appelle \u00e0 cette cr\u00e9ativit\u00e9 comme il l&rsquo;a fait pour Marie lors de l&rsquo;Annonciation. C\u2019est \u00e0 nous aussi qu\u2019il revient de faire na\u00eetre aujourd\u2019hui en nous et dans notre soci\u00e9t\u00e9, le Christ (ou le Bouddha, ou l&rsquo;image de Dieu). Cette naissance est elle-m\u00eame une pri\u00e8re, une affirmation, un Oui \u00e0 la Vie.<\/p>\n\n\n\n<p><\/p>\n\n\n\n<p>(\u00a01)<\/p>\n\n\n\n<p>\u2022 <strong>Via positiva<\/strong>\u00a0: caract\u00e8re sacr\u00e9 de la cr\u00e9ation\u00a0\u00a0&#8211; contemplation, \u00e9merveillement, bonheur, gratitude,\u00a0<br>\u2022 <strong>Via negativa<\/strong>\u00a0: t\u00e9n\u00e8bres, silence, souffrance, acceptation,\u00a0l\u00e2cher-prise<br>\u2022 <strong>Via creativa\u00a0<\/strong>: naissance, cr\u00e9ativit\u00e9, passion<br>\u2022 <strong>Via transformativa<\/strong>\u00a0: justice, gu\u00e9rison, renouveau, r\u00e9surrection, compassion.<\/p>\n\n\n\n<p><\/p>\n","protected":false},"excerpt":{"rendered":"<p>Pr\u00eatre de l&rsquo;\u00c9glise \u00e9piscopalienne de Californie La gratitude est une des plus importantes mani\u00e8res de prier. C\u2019est pratiquer la Via Positiva (&nbsp;1&nbsp;). C\u2019est une attitude de reconnaissance, de respect, d\u2019ouverture. C\u2019est prendre conscience du fait que ce n\u2019est pas nous qui cr\u00e9ons notre vie mais que c\u2019est elle qui nous cr\u00e9e. Thomas d&rsquo;Aquin disait&nbsp;: \u00ab&nbsp;La [&hellip;]<\/p>\n","protected":false},"author":2,"featured_media":0,"comment_status":"open","ping_status":"open","sticky":false,"template":"","format":"standard","meta":{"_jetpack_memberships_contains_paid_content":false,"footnotes":""},"categories":[11],"tags":[],"external_author":[34],"cited_author":[],"publisher":[],"book_author":[],"class_list":["post-3137","post","type-post","status-publish","format-standard","hentry","category-articles","external_author-matthew-fox"],"jetpack_sharing_enabled":true,"jetpack_featured_media_url":"","_links":{"self":[{"href":"https:\/\/protestantsdanslaville.org\/wordpress\/wp-json\/wp\/v2\/posts\/3137","targetHints":{"allow":["GET"]}}],"collection":[{"href":"https:\/\/protestantsdanslaville.org\/wordpress\/wp-json\/wp\/v2\/posts"}],"about":[{"href":"https:\/\/protestantsdanslaville.org\/wordpress\/wp-json\/wp\/v2\/types\/post"}],"author":[{"embeddable":true,"href":"https:\/\/protestantsdanslaville.org\/wordpress\/wp-json\/wp\/v2\/users\/2"}],"replies":[{"embeddable":true,"href":"https:\/\/protestantsdanslaville.org\/wordpress\/wp-json\/wp\/v2\/comments?post=3137"}],"version-history":[{"count":3,"href":"https:\/\/protestantsdanslaville.org\/wordpress\/wp-json\/wp\/v2\/posts\/3137\/revisions"}],"predecessor-version":[{"id":3140,"href":"https:\/\/protestantsdanslaville.org\/wordpress\/wp-json\/wp\/v2\/posts\/3137\/revisions\/3140"}],"wp:attachment":[{"href":"https:\/\/protestantsdanslaville.org\/wordpress\/wp-json\/wp\/v2\/media?parent=3137"}],"wp:term":[{"taxonomy":"category","embeddable":true,"href":"https:\/\/protestantsdanslaville.org\/wordpress\/wp-json\/wp\/v2\/categories?post=3137"},{"taxonomy":"post_tag","embeddable":true,"href":"https:\/\/protestantsdanslaville.org\/wordpress\/wp-json\/wp\/v2\/tags?post=3137"},{"taxonomy":"external_author","embeddable":true,"href":"https:\/\/protestantsdanslaville.org\/wordpress\/wp-json\/wp\/v2\/external_author?post=3137"},{"taxonomy":"cited_author","embeddable":true,"href":"https:\/\/protestantsdanslaville.org\/wordpress\/wp-json\/wp\/v2\/cited_author?post=3137"},{"taxonomy":"publisher","embeddable":true,"href":"https:\/\/protestantsdanslaville.org\/wordpress\/wp-json\/wp\/v2\/publisher?post=3137"},{"taxonomy":"book_author","embeddable":true,"href":"https:\/\/protestantsdanslaville.org\/wordpress\/wp-json\/wp\/v2\/book_author?post=3137"}],"curies":[{"name":"wp","href":"https:\/\/api.w.org\/{rel}","templated":true}]}}