{"id":3131,"date":"2026-01-12T17:23:24","date_gmt":"2026-01-12T16:23:24","guid":{"rendered":"https:\/\/protestantsdanslaville.org\/wordpress\/?p=3131"},"modified":"2026-01-12T17:23:24","modified_gmt":"2026-01-12T16:23:24","slug":"le-religieux-dans-la-presse-36","status":"publish","type":"post","link":"https:\/\/protestantsdanslaville.org\/wordpress\/le-religieux-dans-la-presse-36\/","title":{"rendered":"Le religieux dans la presse"},"content":{"rendered":"\n<p><strong>La paix en Ukraine<\/strong><\/p>\n\n\n\n<p>Des responsables religieux ukrainiens ont lanc\u00e9 un appel pour mettre fin \u00e0 l&rsquo;invasion de leur pays. L&rsquo;Ukraine a subi d&rsquo;intenses bombardements russes pendant la p\u00e9riode de No\u00ebl, [\u2026] Dans un sermon pour la Nativit\u00e9 du Christ, qui se f\u00eatait le 7&nbsp;janvier dans le monde orthodoxe russe, mais a \u00e9t\u00e9 instaur\u00e9e en Ukraine le 25&nbsp;d\u00e9cembre, pour \u00eatre en communion avec les \u00c9glises orthodoxes du mode occidental, le primat de l&rsquo;\u00c9glise orthodoxe ind\u00e9pendante d&rsquo;Ukraine, le m\u00e9tropolite \u00c9piphane a compar\u00e9 les dirigeants russes au roi H\u00e9rode, [\u2026] et affirm\u00e9 que le ch\u00e2timent divin \u00e9tait&nbsp;<strong>\u00ab&nbsp;in\u00e9vitable&nbsp;\u00bb<\/strong>&nbsp;pour ceux qui continuaient d&rsquo;enlever des enfants ukrainiens et de violer des femmes ukrainiennes, ainsi que pour le patriarche Kirill de Moscou qui a&nbsp;<strong>\u00ab&nbsp;b\u00e9ni la guerre, les crimes et les meurtres&nbsp;<\/strong>du haut de la chaire.&nbsp;<strong>De nos jours, nous voyons comment les adeptes du \u00ab\u00a0Monde russe\u00a0\u00bb deviennent semblables \u00e0 H\u00e9rode et \u00e0 d&rsquo;autres hypocrites&nbsp;: ils construisent et d\u00e9corent somptueusement des temples grandioses et accomplissent des rites religieux magnifiques, tout en d\u00e9truisant, en pillant et en tuant<\/strong>, a d\u00e9clar\u00e9 le m\u00e9tropolite \u00c9piphane.&nbsp;<strong>De m\u00eame qu\u2019H\u00e9rode craignait un Messie vivant, le tyran du Kremlin et son patriarche qui lui est soumis, n\u2019ont que faire de la volont\u00e9 de Dieu, des enseignements de l\u2019\u00c9vangile ou des commandements du Seigneur.&nbsp;\u00bb&nbsp;<\/strong><\/p>\n\n\n\n<p>Moscou a continu\u00e9 de bombarder les villes ukrainiennes pendant les f\u00eates de No\u00ebl, dans le but manifeste d\u2019affaiblir la position de n\u00e9gociation de Kiev, et a affirm\u00e9 avoir pris le contr\u00f4le de deux villes de premi\u00e8re ligne, ce que les commandants ukrainiens ont d\u00e9menti [\u2026] Parall\u00e8lement, le pape L\u00e9on&nbsp;XIV a d\u00e9clar\u00e9 depuis Rome aux journalistes qu\u2019il \u00e9tait&nbsp;<strong>\u00ab&nbsp;profond\u00e9ment attrist\u00e9&nbsp;\u00bb&nbsp;<\/strong>que Moscou ait \u00ab&nbsp;<strong>rejet\u00e9&nbsp;\u00bb<\/strong>&nbsp;sa demande de tr\u00eave pour No\u00ebl. Dans son hom\u00e9lie du jour de No\u00ebl, le pape a appel\u00e9 les parties n\u00e9gociatrices \u00e0&nbsp;<strong>\u00ab&nbsp;trouver le courage de s\u2019engager dans un dialogue sinc\u00e8re, direct et respectueux&nbsp;\u00bb<\/strong>&nbsp;avec le soutien de la communaut\u00e9 internationale. Dans une&nbsp;<strong>\u00ab&nbsp;lettre ouverte au peuple am\u00e9ricain&nbsp;\u00bb<\/strong>, l\u2019\u00e9v\u00eaque franciscain catholique d\u2019Odessa, Mgr Stanislav Shyrokoradiuk, a d\u00e9clar\u00e9 avoir&nbsp;<strong>\u00ab&nbsp;toujours pu compter sur le soutien de l\u2019Am\u00e9rique&nbsp;\u00bb<\/strong>&nbsp;durant les pers\u00e9cutions subies sous le r\u00e9gime sovi\u00e9tique, mais ne plus pouvoir faire confiance \u00e0 ceux qui prenaient le parti de Moscou&nbsp;<strong>\u00ab&nbsp;plut\u00f4t que celui des victimes. C\u2019est avec une profonde douleur que nous avons constat\u00e9 les fortes pressions exerc\u00e9es par des repr\u00e9sentants du gouvernement am\u00e9ricain.&nbsp;<\/strong>&nbsp;<strong>Apr\u00e8s des millions de morts, des villes et des villages d\u00e9truits, des enfants d\u00e9port\u00e9s et d\u2019innombrables autres horreurs de la guerre, on attend de l\u2019Ukraine qu\u2019elle c\u00e8de des territoires suppl\u00e9mentaires\u2026 et qu\u2019elle croie en m\u00eame temps \u00e0 des garanties de s\u00e9curit\u00e9 future.&nbsp;\u00bb&nbsp;<\/strong><\/p>\n\n\n\n<p>Dans une d\u00e9claration, des membres, issus des deux partis [d\u00e9mocrate et r\u00e9publicain], de la commission des relations internationales du S\u00e9nat am\u00e9ricain ont d\u00e9nonc\u00e9 le pr\u00e9sident Poutine pour avoir ordonn\u00e9 des&nbsp;<strong>\u00ab&nbsp;crimes brutaux&nbsp;\u00bb&nbsp;<\/strong>pendant la p\u00e9riode de No\u00ebl et&nbsp;&nbsp;les attaques perp\u00e9tr\u00e9es contre Donetsk, Tchernihiv, Kharkiv, Kherson, Odessa, Soumy et Kryvyi Rih [\u2026] Dans la d\u00e9claration&nbsp;&nbsp;des responsables religieux ukrainiens, il est question du&nbsp;<strong>\u00ab&nbsp;Monde russe&nbsp;\u00bb.<\/strong>&nbsp;La revue Pers\u00e9e d\u00e9finit ce&nbsp;<strong>\u00ab&nbsp;Monde russe&nbsp;\u00bb<\/strong>&nbsp;comme&nbsp;<strong>\u00ab&nbsp;un concept culturel int\u00e9grant des individus de culture et de langue russe quelles que soit leur ethnicit\u00e9 ou leur confession religieuse (\u00e9ventuellement des valeurs orthodoxes mais pas seulement). La crise ukrainienne a accentu\u00e9 l\u2019instrumentalisation du concept de \u2018Monde russe\u2019 comme outil de pouvoir, en particulier sur l\u2019Ukraine.&nbsp;\u00bb<\/strong><\/p>\n\n\n\n<p><strong>\u00b0\u00b0\u00b0\u00b0\u00b0\u00b0\u00b0\u00b0\u00b0\u00b0\u00b0\u00b0\u00b0\u00b0\u00b0\u00b0<\/strong><\/p>\n\n\n\n<p><strong>Isra\u00ebl et la peine de mort<\/strong><\/p>\n\n\n\n<p>Le 2&nbsp;janvier,&nbsp;le Haut-Commissaire de l\u2019ONU aux droits de l\u2019homme, Volker T\u00fcrk, a d\u00e9nonc\u00e9 une s\u00e9rie de propositions soumises \u00e0 la Knesset (le Parlement isra\u00e9lien) visant \u00e0 abaisser le seuil d\u2019application de la peine de mort \u00e0 l\u2019\u00e9gard des Palestiniens et \u00e0 la violation de leurs droits \u00e0 une proc\u00e9dure r\u00e9guli\u00e8re.&nbsp;<\/p>\n\n\n\n<p>Selon l\u2019ONU, le libell\u00e9 de cette l\u00e9gislation, ainsi que les d\u00e9clarations des responsables politiques isra\u00e9liens, indiquent qu\u2019elle est destin\u00e9e \u00e0 s\u2019appliquer uniquement aux Palestiniens, qui sont souvent condamn\u00e9s \u00e0 l\u2019issue de proc\u00e8s in\u00e9quitables. [\u2026] En outre, les modifications propos\u00e9es concernant l\u2019application de la peine capitale comprennent des dispositions relatives aux actes&nbsp;de<strong>&nbsp;\u00ab&nbsp;terrorisme, de racisme ou d\u2019hostilit\u00e9 envers le public&nbsp;\u00bb,<\/strong>&nbsp;qui sont d\u00e9finis de mani\u00e8re vague et trop large. Pour le Bureau des droits humains de l\u2019ONU, ces propositions violent \u00e9galement les normes du droit international humanitaire relatives aux proc\u00e9dures p\u00e9nales et \u00e0 l\u2019application de la peine de mort \u00e0 l\u2019encontre des r\u00e9sidents d\u2019un territoire occup\u00e9. C\u2019est le cas de la Cisjordanie et de Gaza. Le Haut-Commissaire de l\u2019ONU aux droits de l\u2019homme a rappel\u00e9 aussi que le fait de priver tout Palestinien de Cisjordanie et de Gaza des garanties d\u2019un proc\u00e8s \u00e9quitable pr\u00e9vues par la quatri\u00e8me Convention de Gen\u00e8ve constituait un crime de guerre.<\/p>\n\n\n\n<p>\u00b0\u00b0\u00b0\u00b0\u00b0\u00b0\u00b0\u00b0\u00b0\u00b0\u00b0\u00b0\u00b0\u00b0\u00b0\u00b0\u00b0\u00b0\u00b0\u00b0<\/p>\n\n\n\n<p><strong>Enseignement religieux en Irlande du Nord&nbsp;&nbsp;&nbsp;&nbsp;&nbsp;&nbsp;&nbsp;&nbsp;&nbsp;&nbsp;&nbsp;&nbsp;&nbsp;<\/strong><\/p>\n\n\n\n<p>Un arr\u00eat de la Cour supr\u00eame du Royaume-Uni a d\u00e9clar\u00e9 ill\u00e9gal l&rsquo;enseignement religieux chr\u00e9tien dispens\u00e9 dans les \u00e9coles d&rsquo;Irlande du Nord. Dans son jugement, la Cour a estim\u00e9 que l&rsquo;approche actuelle manque d&rsquo;un cadre&nbsp;<strong>\u00ab&nbsp;objectif, critique et pluraliste&nbsp;\u00bb<\/strong>&nbsp;et tend davantage vers l&rsquo;endoctrinement que vers la promotion d&rsquo;une compr\u00e9hension diversifi\u00e9e des croyances.&nbsp;<\/p>\n\n\n\n<p>En r\u00e9action \u00e0 cet arr\u00eat, qui ne s&rsquo;applique pas aux \u00e9coles catholiques, un \u00e9v\u00eaque d\u2019Irlande du Nord le critique tout de m\u00eame vigoureusement. Cet arr\u00eat historique fait suite \u00e0 une affaire intent\u00e9e par un p\u00e8re dont la fille, fr\u00e9quentait une \u00e9cole primaire publique non catholique de Belfast. La fillette y recevait un enseignement religieux chr\u00e9tien non confessionnel et participait aux offices religieux. L&rsquo;arr\u00eat de la Cour supr\u00eame a confirm\u00e9 le jugement de la Haute Cour de 2022, selon lequel&nbsp;<strong>\u00ab&nbsp;l&rsquo;enseignement religieux dans le cadre du programme scolaire de base et l&rsquo;organisation des offices religieux dans l&rsquo;\u00e9cole primaire fr\u00e9quent\u00e9e par l&rsquo;enfant portaient atteinte \u00e0 ses droits et \u00e0 ceux de son p\u00e8re en vertu de la l\u00e9gislation europ\u00e9enne relative aux droits de l&rsquo;homme&nbsp;\u00bb.<\/strong>&nbsp;L&rsquo;un des points soulev\u00e9s dans l&rsquo;arr\u00eat concernait la pri\u00e8re avant les repas, r\u00e9cit\u00e9e par l&rsquo;enfant \u00e0 la maison. Elle a expliqu\u00e9 \u00e0 ses parents, non religieux, que c&rsquo;\u00e9tait une pratique courante \u00e0 l&rsquo;\u00e9cole. Le jugement a \u00e9t\u00e9 bien entendu mal re\u00e7u par l\u2019\u00e9v\u00eaque qui y voit le \u00ab&nbsp;bannissement&nbsp;\u00bb des valeurs religieuses de l\u2019\u00e9cole non confessionnelle et demande&nbsp;:&nbsp;<strong>\u00ab&nbsp;Le christianisme est-il en train d&rsquo;\u00eatre banni des \u00e9coles&nbsp;?<\/strong>&nbsp;McGuckian a ajout\u00e9&nbsp;:&nbsp;<strong>Je tiens \u00e0 contester le principe avanc\u00e9 par les personnes ayant une mentalit\u00e9 la\u00efque, \u00e0 savoir que le christianisme ne devrait pas \u00eatre prioritaire dans les \u00e9coles. Ce principe est tout simplement infond\u00e9, d\u00e9raisonnable et illogique.&nbsp;Le christianisme et la vision jud\u00e9o-chr\u00e9tienne du monde constituent le fondement&nbsp;&nbsp;de tout ce qui est bon dans la soci\u00e9t\u00e9 occidentale et sont profond\u00e9ment&nbsp;<\/strong>a<strong>ncr\u00e9s dans la l\u00e9gislation relative aux droits de l&rsquo;homme&nbsp;[\u2026]<\/strong>&nbsp;<strong>Dans les \u00e9coles du monde occidental, le christianisme devrait, en effet, occuper une place prioritaire dans nos syst\u00e8mes \u00e9ducatifs, et chacun, y compris les personnes d\u2019autres confessions ou sans confession, devrait le reconna\u00eetre et s\u2019en f\u00e9liciter en raison de son importance fondamentale.&nbsp;\u00bb<\/strong><\/p>\n\n\n\n<p>&nbsp;L\u2019\u00e9v\u00eaque a ajout\u00e9 que les religions du monde doivent \u00e9galement \u00eatre respect\u00e9es et qu&rsquo;elles ont aussi une contribution \u00e0 apporter \u00e0 une soci\u00e9t\u00e9 multiculturelle et multiconfessionnelle de plus en plus diverse. Mais que&nbsp;<strong>\u00ab&nbsp;le christianisme&nbsp;<\/strong>(le catholicisme&nbsp;?)<strong>&nbsp;doit avoir une place centrale et unique parce qu\u2019il est \u00e0 l\u2019origine des valeurs qui sous-tendent la soci\u00e9t\u00e9 occidentale.&nbsp;\u00bb&nbsp;<\/strong>Les quatre \u00c9glises principales d\u2019Irlande du Nord vont se mettre au travail pour adapter et moderniser les programmes religieux dans l\u2019enseignement.<\/p>\n\n\n\n<p>\u00b0\u00b0\u00b0\u00b0\u00b0\u00b0\u00b0\u00b0\u00b0\u00b0\u00b0\u00b0\u00b0\u00b0\u00b0\u00b0\u00b0\u00b0\u00b0\u00b0\u00b0\u00b0<\/p>\n\n\n\n<p><strong>Salomon de Brosse<\/strong><\/p>\n\n\n\n<p><strong>Extraits de l\u2019article du pasteur Jos\u00e9 Loncke<\/strong><\/p>\n\n\n\n<p><strong><em>\u00ab&nbsp;Salomon de Brosse fit le palais du Luxembourg pour la reine et le temple de Charenton pour Dieu&nbsp;\u00bb<\/em><\/strong><\/p>\n\n\n\n<p><strong>Ses derniers jours<\/strong><br>Salomon de Brosse fut un protestant fid\u00e8le jusqu\u2019\u00e0 la mort. Il resta attach\u00e9 \u00e0 sa foi, contre vents et mar\u00e9es \u00e0 une \u00e9poque o\u00f9 une telle conviction ne faisait pas que demander de la diplomatie mais exigeait bel et bien de l\u2019h\u00e9ro\u00efsme.&nbsp;<br>Il meurt dans un logement exigu, situ\u00e9 dans une d\u00e9pendance du palais du Luxembourg, rue de Vaugirard. [\u2026]<\/p>\n\n\n\n<p>&nbsp;L\u2019inventaire fait apr\u00e8s son d\u00e9c\u00e8s (9&nbsp;d\u00e9cembre&nbsp;1626), montre qu\u2019il vivait tr\u00e8s simplement : quelques meubles, trois livres d\u2019architecture, la Bible de Gen\u00e8ve, un nouveau testament. [\u2026] Le cercueil n\u2019eut pas un long chemin \u00e0 faire pour \u00eatre port\u00e9 jusqu\u2019au cimeti\u00e8re accord\u00e9 aux protestants, rue des Saints-P\u00e8res, pr\u00e8s de St Germain des pr\u00e8s.<br>Sans famille ni pasteur, seulement deux archers de guet comme t\u00e9moins. \u00ab&nbsp;L\u00e0, reposent Conrart, le fondateur de l\u2019acad\u00e9mie fran\u00e7aise,&nbsp;plusieurs des Gobelins et d\u2019autres protestants du 17\u00e8me si\u00e8cle,&nbsp;qui, comme Salomon&nbsp; de Brosse&nbsp; ne furent&nbsp; pas seulement des&nbsp; protestants mais&nbsp; prirent&nbsp; place avec&nbsp; honneur dans l\u2019histoire des arts,&nbsp; des sciences et des lettres fran\u00e7aises.&nbsp;\u00bb<\/p>\n\n\n\n<p><strong>Sa vie<\/strong><br>Il appartenait, par sa m\u00e8re, \u00e0 l\u2019illustre famille d\u2019architectes protestants des Androuet du Cerceau.&nbsp;[\u2026] Toute sa famille et ses relations \u00e9taient protestantes.<\/p>\n\n\n\n<p>Il semble avoir port\u00e9 un second pr\u00e9nom, celui de Jacques. Au pr\u00e9nom Salomon, d\u2019allure protestante, que lui aurait destin\u00e9 tout d\u2019abord ses parents, on crut bon d\u2019en ajouter un autre, d\u2019allure plus catholique et moins compromettant. Ce pr\u00e9nom donn\u00e9 par peur, donne une id\u00e9e du climat de l\u2019\u00e9poque.&nbsp;Pendant la tourmente des guerres de religion, sa famille s\u2019\u00e9loigna g\u00e9ographiquement sans doute, comme tant d\u2019autres huguenots, \u00ab&nbsp;la pers\u00e9cution \u00e9tant rude. Apr\u00e8s diverses courses et changements de lieux&nbsp;\u00bb, notamment apr\u00e8s un s\u00e9jour, \u00e0 Sedan, on revient au pays. Cette fuite r\u00e9v\u00e9lait de fortes convictions&nbsp;: \u00ab&nbsp;J\u2019aime mieux quitter mes biens que de retourner \u00e0 la messe&nbsp;\u00bb, dira son oncle du Cerceau.<\/p>\n\n\n\n<p>Par son mariage, vers&nbsp;1592, avec Florence M\u00e9tivier, il devient parent d\u2019autres architectes protestants. Son nom appara\u00eet \u00e0 plusieurs reprises sur des registres paroissiaux protestants, \u00e0 l\u2019occasion de mariages par exemple. Il semble avoir \u00e9t\u00e9 tr\u00e8s attach\u00e9 \u00e0 sa foi puisqu\u2019il \u00e9leva ses 7&nbsp;enfants en protestants (aux pr\u00e9noms bibliques sauf une Catherine), lesquels, pour la plupart firent des mariages protestants, et rest\u00e8rent fid\u00e8les \u00e0 leur foi apr\u00e8s sa mort. Certains de ses descendants \u00e9migr\u00e8rent \u00e0 Kassel en Allemagne o\u00f9 ils devinrent architectes de la cour.<\/p>\n\n\n\n<p><strong>Promenade dans le Paris de Salomon de Brosse<\/strong><br>L\u2019une des premi\u00e8res \u0153uvres de Salomon fut, l\u2019agrandissement de l\u2019h\u00f4tel de Bouillon (1612-1613) qui s\u2019\u00e9levait \u00e0 l\u2019emplacement de la rue des Beaux-Arts et qui \u00e9tait l\u2019une des plus vastes demeures du Paris d\u2019autrefois.<\/p>\n\n\n\n<p>Salomon de Brosse est charg\u00e9 de la reconstruction en&nbsp;1623 du Temple de Charenton qui pouvait accueillir 4&nbsp;000&nbsp;personnes. Au plafond de la nef sont inscrites les Tables de la Loi, en lettres d&rsquo;or sur fond bleu. Des textes bibliques illustraient les portes.<\/p>\n\n\n\n<p>\u00ab&nbsp;La parole de Dieu \u00e9tant le Centre de la foi et du culte dans le protestantisme, S. de Brosse, avant&nbsp;tout chercha le moyen de r\u00e9unir autour de la chaire du&nbsp;pr\u00e9dicateur dans un espace assez&nbsp;limit\u00e9 une foule qui s\u2019\u00e9leva souvent \u00e0 quatre mille auditeurs, mais il s\u2019effor\u00e7a aussi&nbsp;de donner \u00e0 son \u0153uvre un cachet artistique qui frappa les contemporains.<br>Le temple de Charenton devint rapidement c\u00e9l\u00e8bre en France et&nbsp;hors de France. En Allemagne, avant et apr\u00e8s la r\u00e9vocation de l\u2019\u00c9dit de Nantes, plusieurs \u00e9glises ont \u00e9t\u00e9 construites sur ce mod\u00e8le.&nbsp;\u00bb<\/p>\n\n\n\n<p>En 1616 Salomon de Brosse donne le dessin de la fa\u00e7ade de l\u2019\u00e9glise Saint-Gervais-Saint-Protais.<\/p>\n\n\n\n<p>La reine m\u00e8re le d\u00e9charge de la construction du Luxembourg (1615-1625), en suscitant toutes sortes de difficult\u00e9s, \u00e0 l\u2019instigation de son confesseur.&nbsp;Un autre va prendre la conduite des travaux du palais de justice de Rennes dont Salomon De Brosse avait pourtant fait les plans&nbsp;!<\/p>\n","protected":false},"excerpt":{"rendered":"<p>La paix en Ukraine Des responsables religieux ukrainiens ont lanc\u00e9 un appel pour mettre fin \u00e0 l&rsquo;invasion de leur pays. L&rsquo;Ukraine a subi d&rsquo;intenses bombardements russes pendant la p\u00e9riode de No\u00ebl, [\u2026] Dans un sermon pour la Nativit\u00e9 du Christ, qui se f\u00eatait le 7&nbsp;janvier dans le monde orthodoxe russe, mais a \u00e9t\u00e9 instaur\u00e9e en [&hellip;]<\/p>\n","protected":false},"author":2,"featured_media":0,"comment_status":"open","ping_status":"open","sticky":false,"template":"","format":"standard","meta":{"_jetpack_memberships_contains_paid_content":false,"footnotes":""},"categories":[12],"tags":[],"external_author":[32],"cited_author":[41],"publisher":[],"book_author":[],"class_list":["post-3131","post","type-post","status-publish","format-standard","hentry","category-emissions-de-radio","external_author-claudine-castelnau","cited_author-claudine-castelnau"],"jetpack_sharing_enabled":true,"jetpack_featured_media_url":"","_links":{"self":[{"href":"https:\/\/protestantsdanslaville.org\/wordpress\/wp-json\/wp\/v2\/posts\/3131","targetHints":{"allow":["GET"]}}],"collection":[{"href":"https:\/\/protestantsdanslaville.org\/wordpress\/wp-json\/wp\/v2\/posts"}],"about":[{"href":"https:\/\/protestantsdanslaville.org\/wordpress\/wp-json\/wp\/v2\/types\/post"}],"author":[{"embeddable":true,"href":"https:\/\/protestantsdanslaville.org\/wordpress\/wp-json\/wp\/v2\/users\/2"}],"replies":[{"embeddable":true,"href":"https:\/\/protestantsdanslaville.org\/wordpress\/wp-json\/wp\/v2\/comments?post=3131"}],"version-history":[{"count":1,"href":"https:\/\/protestantsdanslaville.org\/wordpress\/wp-json\/wp\/v2\/posts\/3131\/revisions"}],"predecessor-version":[{"id":3132,"href":"https:\/\/protestantsdanslaville.org\/wordpress\/wp-json\/wp\/v2\/posts\/3131\/revisions\/3132"}],"wp:attachment":[{"href":"https:\/\/protestantsdanslaville.org\/wordpress\/wp-json\/wp\/v2\/media?parent=3131"}],"wp:term":[{"taxonomy":"category","embeddable":true,"href":"https:\/\/protestantsdanslaville.org\/wordpress\/wp-json\/wp\/v2\/categories?post=3131"},{"taxonomy":"post_tag","embeddable":true,"href":"https:\/\/protestantsdanslaville.org\/wordpress\/wp-json\/wp\/v2\/tags?post=3131"},{"taxonomy":"external_author","embeddable":true,"href":"https:\/\/protestantsdanslaville.org\/wordpress\/wp-json\/wp\/v2\/external_author?post=3131"},{"taxonomy":"cited_author","embeddable":true,"href":"https:\/\/protestantsdanslaville.org\/wordpress\/wp-json\/wp\/v2\/cited_author?post=3131"},{"taxonomy":"publisher","embeddable":true,"href":"https:\/\/protestantsdanslaville.org\/wordpress\/wp-json\/wp\/v2\/publisher?post=3131"},{"taxonomy":"book_author","embeddable":true,"href":"https:\/\/protestantsdanslaville.org\/wordpress\/wp-json\/wp\/v2\/book_author?post=3131"}],"curies":[{"name":"wp","href":"https:\/\/api.w.org\/{rel}","templated":true}]}}