{"id":3111,"date":"2026-01-09T15:42:09","date_gmt":"2026-01-09T14:42:09","guid":{"rendered":"https:\/\/protestantsdanslaville.org\/wordpress\/?p=3111"},"modified":"2026-01-09T15:58:38","modified_gmt":"2026-01-09T14:58:38","slug":"cette-souffrance-nest-pas-le-dernier-mot","status":"publish","type":"post","link":"https:\/\/protestantsdanslaville.org\/wordpress\/cette-souffrance-nest-pas-le-dernier-mot\/","title":{"rendered":"\u00ab\u00a0Cette souffrance n&rsquo;est pas le dernier mot\u00a0\u00bb"},"content":{"rendered":"\n<p>Article publi\u00e9 dans l\u2019hebdomadaire protestant fran\u00e7ais <a href=\"https:\/\/www.reforme.net\"><em>R\u00e9forme<\/em><\/a> le 8\u00a0janvier 2026<\/p>\n\n\n\n<p><strong>CRANS-MONTANA&nbsp;<\/strong>La Suisse observe ce 9 janvier un deuil national apr\u00e8s le tragique incendie qui a fait 40 morts et 116&nbsp;bless\u00e9s la nuit du Nouvel An dans un bar de la station du Valais. En ces jours terribles, les pasteurs des \u00c9glises protestantes se sont mobilis\u00e9s.&nbsp;<\/p>\n\n\n\n<p><em>\u00ab\u00a0Des bougies et le silence parlent plus que les mots dans ces circonstances,\u00a0<\/em>reconna\u00eet Guy Liagre, pasteur de Crans-Montana dont le temple a accueilli un office samedi 3 janvier \u00e0 21 heures apr\u00e8s une marche silencieuse.\u00a0<em>Beaucoup de jeunes et de personnes ext\u00e9rieures \u00e0 notre communaut\u00e9 y ont particip\u00e9, par exemple des familles d\u2019origine italienne qui ont perdu des proches.\u00a0\u00bb\u00a0<\/em>Dans la nuit du r\u00e9veillon du 31\u00a0d\u00e9cembre, un incendie s\u2019est d\u00e9clar\u00e9 dans le bar Le Constellation de la station suisse de Crans-Montana. Selon les premiers \u00e9l\u00e9ments de l\u2019enqu\u00eate, le feu aurait d\u00e9marr\u00e9 \u00e0 cause de bougies incandescentes. Quarante personnes sont d\u00e9c\u00e9d\u00e9es \u2013\u00a0la moiti\u00e9 d\u2019entre elles \u00e9taient mineures\u00a0\u2013 et 116\u00a0personnes sont bless\u00e9es. Les services hospitaliers suisses sp\u00e9cialis\u00e9s ont accueilli des victimes gravement br\u00fbl\u00e9es. Trente-cinq autres ont \u00e9t\u00e9 \u00e9vacu\u00e9es vers des h\u00f4pitaux europ\u00e9ens, dont certaines en France, notamment \u00e0 Lyon, en r\u00e9gion parisienne, \u00e0 Nantes. Une journ\u00e9e de deuil national est pr\u00e9vue vendredi 9\u00a0janvier.<\/p>\n\n\n\n<p><em>\u00ab&nbsp;Ces derniers jours ont \u00e9t\u00e9 \u00e9prouvants pour les familles car elles attendaient les r\u00e9sultats des enqu\u00eates et les derniers noms des disparus,&nbsp;<\/em>confie le pasteur de Crans Montana au t\u00e9l\u00e9phone.&nbsp;<em>Des paroissiens sont touch\u00e9s directement et indirectement ici.&nbsp;\u00bb&nbsp;<\/em>Dimanche, le pasteur a c\u00e9l\u00e9br\u00e9 un culte dans son \u00e9glise r\u00e9form\u00e9e.&nbsp;<em>\u00ab&nbsp;Contrairement \u00e0 ce qui avait&nbsp;\u00e9t\u00e9&nbsp;annonc\u00e9,&nbsp;&nbsp;nous&nbsp;avons&nbsp;choisi&nbsp;de&nbsp;maintenirle&nbsp;culte&nbsp;dans&nbsp;l&rsquo;\u00e9glise r\u00e9form\u00e9e&nbsp;pour&nbsp;les protestants qui ne souhaitaient&nbsp;pas aller&nbsp;\u00e0&nbsp;la&nbsp;messe.&nbsp;Moncoll\u00e8gue&nbsp;le pasteur&nbsp;Gilles Cavina assist\u00e9 \u00e0 la&nbsp;messe. La c\u00e9l\u00e9bration n&rsquo;\u00e9tait&nbsp;pas \u0153cum\u00e9nique.&nbsp;Le contexte religieux est tr\u00e8s majoritairement&nbsp;catholique, car jusqu\u2019au XX<sup>e<\/sup>&nbsp;si\u00e8cle, il y avait&nbsp;tr\u00e8s&nbsp;peu&nbsp;deprotestants&nbsp;dans&nbsp;le Valais. Les communaut\u00e9s&nbsp;protestantes viennent de&nbsp;la&nbsp;diaspora et&nbsp;les paroissiens sont&nbsp;issus des&nbsp;cantons voisins deVaud,&nbsp;&nbsp;Neuch\u00e2tel et Gen\u00e8ve&nbsp;\u00bb<\/em>,&nbsp;&nbsp;explique-t-il.<\/p>\n\n\n\n<p><strong>Soutien spirituel<\/strong><\/p>\n\n\n\n<p>Mardi soir,&nbsp;un&nbsp;autre office devait \u00eatre&nbsp;c\u00e9l\u00e9br\u00e9&nbsp;par&nbsp;Qilles&nbsp;Cavin,&nbsp;pr\u00e9sident&nbsp;du&nbsp;synode&nbsp;de&nbsp;l&rsquo;\u00c9glise\u00e9vang\u00e9lique r\u00e9form\u00e9e&nbsp;de&nbsp;Suisse&nbsp;et pasteur de&nbsp;Sierre,&nbsp;la&nbsp;ville&nbsp;voisine situ\u00e9e en bas&nbsp;de la&nbsp;station&nbsp;de Crans-&nbsp;Montana.&nbsp;<em>\u00ab&nbsp;Nous essayons&nbsp;d&rsquo;organiser au mieux le soutien spirituel, aussi longtemps que&nbsp;lebesoin&nbsp;de&nbsp;se&nbsp;r\u00e9unir pour se recueillir sera pr\u00e9sent&nbsp;\u00bb,&nbsp;<\/em>pr\u00e9cise&nbsp;Guy&nbsp;Liagre. Ses quarante-cinq ann\u00e9es&nbsp;de minist\u00e8re sont utiles au pasteur&nbsp;retrait\u00e9&nbsp;pour&nbsp;faire&nbsp;face&nbsp;\u00e0&nbsp;ce&nbsp;drame&nbsp;d&rsquo;une&nbsp;si&nbsp;grande&nbsp;ampleur par&nbsp;le&nbsp;nombreet&nbsp;la jeunesse&nbsp;des victimes.<\/p>\n\n\n\n<p>Dans\u00a0la\u00a0banlieue de\u00a0Lausanne,\u00a0les\u00a0paroisses de Pully-Paudex et de Belmont-Lutry\u00a0ont appris rapidement que\u00a0des jeunes de leurs communes se trouvaient parmi les victimes et les rescap\u00e9s.\u00a0Des pasteurs et des\u00a0pr\u00eatres ont organis\u00e9\u00a0une\u00a0veill\u00e9e\u00a0le\u00a0samedi\u00a03\u00a0janvier\u00a0et\u00a0ouvert l&rsquo;\u00e9glise protestante de Lutry entre\u00a018\u00a0heures et 22\u00a0heures.\u00a0Selon David Freymond, pasteur \u00e0\u00a0la paroisse protestante de Pully-Paudex, quelque\u00a03000\u00a0personnes\u00a0sont\u00a0pass\u00e9es\u00a0au\u00a0temple\u00a0pour d\u00e9poser une bougie, \u00e9crire un message, voir\u00a0des\u00a0amis.\u00a0<em>\u00ab\u00a0Nous\u00a0avons\u00a0choisi\u00a0des\u00a0gestes\u00a0simples\u00a0:\u00a0\u00e9crire\u00a0des\u00a0messages\u00a0sur des papiers et les accrocher ou les d\u00e9poser dans une corbeille, allumer des bougies.\u00a0Ces rituels\u00a0parlent \u00e0 tout le monde,\u00a0croyants\u00a0ou non-croyants.\u00a0\u00bb\u00a0<\/em>Le pasteur t\u00e9moignait dimanche soir dans l&rsquo;\u00e9mission\u00a0religieuse\u00a0\u00ab\u00a0Hautes Fr\u00e9quences\u00a0\u00bb sur\u00a0RTS des bienfaits de cette \u00e9criture\u00a0r\u00e9elle,\u00a0loin\u00a0du\u00a0monde\u00a0num\u00e9rique.<\/p>\n\n\n\n<p>\u00ab&nbsp;Nous avons constat\u00e9 que le fait d&rsquo;\u00e9crire&nbsp;un&nbsp;mot&nbsp;sur&nbsp;un&nbsp;petit&nbsp;papier&nbsp;avait&nbsp;un&nbsp;effet presqueth\u00e9rapeutique.&nbsp;Certains&nbsp;en&nbsp;ont m\u00eame&nbsp;\u00e9crit&nbsp;plusieurs.&nbsp;\u00bb<\/p>\n\n\n\n<p>Lundi 5&nbsp;janvier, soit cinq jours apr\u00e8s le drame, les autorit\u00e9s suisses ont annonc\u00e9 avoir termin\u00e9 l&rsquo;identification de toutes les personnes touch\u00e9es par l&rsquo;incendie. Sur les 116&nbsp;personnes bless\u00e9es, 83&nbsp;sont encore hospitalis\u00e9es, selon un communiqu\u00e9 de la police du canton du Valais. Comme certains coll\u00e8gues, le pasteur David Freymond est sollicit\u00e9 pour la pr\u00e9paration de fun\u00e9railles. \u00ab&nbsp;<em>Nous avons des demandes diff\u00e9rentes&nbsp;: un culte protestant de fun\u00e9railles, une c\u00e9l\u00e9bration collective, une autre inter<\/em><em>&#8211;<\/em><em>religieuse. Nous essayons d\u2019y r\u00e9pondre au mieux.&nbsp;<\/em><em>\u00bb<\/em><\/p>\n\n\n\n<p>Le pasteur, \u00e9galement p\u00e8re de deux enfants de 16 et 20 ans, va devoir trouver des mots pour rassurer les jeunes. <em>\u00ab&nbsp;]&rsquo;ai envie de leur dire&nbsp;: vous n&rsquo;\u00eates pas seuls. Nous sommes ensemble pour faire face \u00e0 ce drame, pour le traverser. Il y a quelque chose de l&rsquo;ordre de la lumi\u00e8re qui nous attend au bout de cette obscurit\u00e9. Cette souffrance n&rsquo;est pas le dernier mot de tout, mais quelque chose de l&rsquo;ordre de la paix nous et vous attend. Ce sera long, mais nous serons \u00e0 vos c\u00f4t\u00e9s. Je voudrais leur transmettre cette esp\u00e9rance d&rsquo;une paix \u00e0 venir, m\u00eame si on ne la sent pas aujourd&rsquo;hui.&nbsp;\u00bb&nbsp;<\/em><\/p>\n\n\n\n<p><\/p>\n","protected":false},"excerpt":{"rendered":"<p>Article publi\u00e9 dans l\u2019hebdomadaire protestant fran\u00e7ais R\u00e9forme le 8\u00a0janvier 2026 CRANS-MONTANA&nbsp;La Suisse observe ce 9 janvier un deuil national apr\u00e8s le tragique incendie qui a fait 40 morts et 116&nbsp;bless\u00e9s la nuit du Nouvel An dans un bar de la station du Valais. En ces jours terribles, les pasteurs des \u00c9glises protestantes se sont mobilis\u00e9s.&nbsp; [&hellip;]<\/p>\n","protected":false},"author":2,"featured_media":0,"comment_status":"open","ping_status":"open","sticky":false,"template":"","format":"standard","meta":{"_jetpack_memberships_contains_paid_content":false,"footnotes":""},"categories":[11],"tags":[],"external_author":[178],"cited_author":[],"publisher":[],"book_author":[],"class_list":["post-3111","post","type-post","status-publish","format-standard","hentry","category-articles","external_author-laure-salamon"],"jetpack_sharing_enabled":true,"jetpack_featured_media_url":"","_links":{"self":[{"href":"https:\/\/protestantsdanslaville.org\/wordpress\/wp-json\/wp\/v2\/posts\/3111","targetHints":{"allow":["GET"]}}],"collection":[{"href":"https:\/\/protestantsdanslaville.org\/wordpress\/wp-json\/wp\/v2\/posts"}],"about":[{"href":"https:\/\/protestantsdanslaville.org\/wordpress\/wp-json\/wp\/v2\/types\/post"}],"author":[{"embeddable":true,"href":"https:\/\/protestantsdanslaville.org\/wordpress\/wp-json\/wp\/v2\/users\/2"}],"replies":[{"embeddable":true,"href":"https:\/\/protestantsdanslaville.org\/wordpress\/wp-json\/wp\/v2\/comments?post=3111"}],"version-history":[{"count":4,"href":"https:\/\/protestantsdanslaville.org\/wordpress\/wp-json\/wp\/v2\/posts\/3111\/revisions"}],"predecessor-version":[{"id":3115,"href":"https:\/\/protestantsdanslaville.org\/wordpress\/wp-json\/wp\/v2\/posts\/3111\/revisions\/3115"}],"wp:attachment":[{"href":"https:\/\/protestantsdanslaville.org\/wordpress\/wp-json\/wp\/v2\/media?parent=3111"}],"wp:term":[{"taxonomy":"category","embeddable":true,"href":"https:\/\/protestantsdanslaville.org\/wordpress\/wp-json\/wp\/v2\/categories?post=3111"},{"taxonomy":"post_tag","embeddable":true,"href":"https:\/\/protestantsdanslaville.org\/wordpress\/wp-json\/wp\/v2\/tags?post=3111"},{"taxonomy":"external_author","embeddable":true,"href":"https:\/\/protestantsdanslaville.org\/wordpress\/wp-json\/wp\/v2\/external_author?post=3111"},{"taxonomy":"cited_author","embeddable":true,"href":"https:\/\/protestantsdanslaville.org\/wordpress\/wp-json\/wp\/v2\/cited_author?post=3111"},{"taxonomy":"publisher","embeddable":true,"href":"https:\/\/protestantsdanslaville.org\/wordpress\/wp-json\/wp\/v2\/publisher?post=3111"},{"taxonomy":"book_author","embeddable":true,"href":"https:\/\/protestantsdanslaville.org\/wordpress\/wp-json\/wp\/v2\/book_author?post=3111"}],"curies":[{"name":"wp","href":"https:\/\/api.w.org\/{rel}","templated":true}]}}