{"id":3109,"date":"2026-01-09T00:28:05","date_gmt":"2026-01-08T23:28:05","guid":{"rendered":"https:\/\/protestantsdanslaville.org\/wordpress\/?p=3109"},"modified":"2026-01-09T00:28:05","modified_gmt":"2026-01-08T23:28:05","slug":"fin-de-vie-apres-la-proposition-de-senateurs","status":"publish","type":"post","link":"https:\/\/protestantsdanslaville.org\/wordpress\/fin-de-vie-apres-la-proposition-de-senateurs\/","title":{"rendered":"Fin de vie\u00a0: apr\u00e8s la proposition de s\u00e9nateurs"},"content":{"rendered":"\n<p>Le dernier mot de l\u2019Assembl\u00e9e, ou le dernier renoncement. La bataille sur la fin de vie n\u2019est pas termin\u00e9e. Elle ne fait que commencer. Apr\u00e8s le passage au S\u00e9nat, le texte reviendra \u00e0 son point de v\u00e9rit\u00e9&nbsp;: l\u2019Assembl\u00e9e nationale.<\/p>\n\n\n\n<p>En rempla\u00e7ant le \u00ab&nbsp;droit \u00e0 l\u2019aide \u00e0 mourir&nbsp;\u00bb par une vague \u00ab&nbsp;<em>assistance m\u00e9dicale \u00e0 mourir&nbsp;<\/em>\u00bb, le S\u00e9nat a fait ce qu\u2019il fait toujours dans les moments d\u00e9cisifs&nbsp;: il a retir\u00e9 un droit pour le dissoudre dans la prudence, la tutelle et le langage anesth\u00e9siant de la m\u00e9decine. Ce n\u2019est pas un amendement technique&nbsp;; c\u2019est un&nbsp;<strong>recul politique&nbsp;<\/strong>assum\u00e9.<\/p>\n\n\n\n<p>D\u00e9sormais, tout repose sur l\u2019Assembl\u00e9e nationale. Elle peut c\u00e9der au compromis, avaliser l\u2019effacement du mot \u00ab&nbsp;<strong>droit<\/strong>&nbsp;\u00bb, et ent\u00e9riner une loi qui autorise sans reconna\u00eetre, qui permet sans affirmer, qui encadre pour mieux neutraliser. Ce serait une loi de&nbsp;<strong>renoncement<\/strong>,&nbsp;<strong>rassurante pour les conservatismes, d\u00e9cevante pour les citoyens.<\/strong><\/p>\n\n\n\n<p>Ou bien elle peut assumer pleinement ce qu\u2019elle avait commenc\u00e9 : reconna\u00eetre qu\u2019un \u00eatre humain n\u2019est pas un&nbsp;<strong>mineur<\/strong>&nbsp;sous protection m\u00e9dicale jusqu\u2019\u00e0 son dernier souffle. Qu\u2019il puisse, sous conditions strictes, d\u00e9cider de sa fin de vie sans que cette d\u00e9cision soit confisqu\u00e9e par l\u2019institution.&nbsp;<strong>Qu\u2019un droit n\u2019est pas une menace, mais une reconnaissance<\/strong>.<\/p>\n\n\n\n<p>Car il faut le dire clairement&nbsp;: retirer le mot \u00ab&nbsp;droit&nbsp;\u00bb, ce n\u2019est pas prot\u00e9ger les plus fragiles. C\u2019est les&nbsp;<strong>rendre d\u00e9pendants<\/strong>. C\u2019est faire de la fin de vie un privil\u00e8ge accord\u00e9 au cas par cas, soumis aux convictions locales, aux peurs individuelles, aux rapports de force invisibles. C\u2019est produire&nbsp;<strong>une in\u00e9galit\u00e9 silencieuse devant la mort.<\/strong><\/p>\n\n\n\n<p>La majorit\u00e9 parlementaire est maintenant face \u00e0 un choix&nbsp;<strong>politique<\/strong>&nbsp;net. Non pas entre la vie et la mort \u2014&nbsp;cet argument est un \u00e9cran de fum\u00e9e&nbsp;\u2014 mais entre la confiance et la tutelle, entre la responsabilit\u00e9 et la peur, entre une citoyennet\u00e9 adulte et un&nbsp;<strong>paternalisme<\/strong>&nbsp;d\u2019un autre \u00e2ge.<\/p>\n\n\n\n<p>L\u2019histoire parlementaire retiendra une chose simple&nbsp;: soit l\u2019Assembl\u00e9e aura tenu t\u00eate au S\u00e9nat et reconnu un droit jusqu\u2019au bout, soit elle aura accept\u00e9 que, m\u00eame au seuil de la mort, le citoyen fran\u00e7ais&nbsp;<strong>n\u2019ait jamais le dernier mot sur sa propre vie.<\/strong><\/p>\n","protected":false},"excerpt":{"rendered":"<p>Le dernier mot de l\u2019Assembl\u00e9e, ou le dernier renoncement. La bataille sur la fin de vie n\u2019est pas termin\u00e9e. Elle ne fait que commencer. Apr\u00e8s le passage au S\u00e9nat, le texte reviendra \u00e0 son point de v\u00e9rit\u00e9&nbsp;: l\u2019Assembl\u00e9e nationale. En rempla\u00e7ant le \u00ab&nbsp;droit \u00e0 l\u2019aide \u00e0 mourir&nbsp;\u00bb par une vague \u00ab&nbsp;assistance m\u00e9dicale \u00e0 mourir&nbsp;\u00bb, le [&hellip;]<\/p>\n","protected":false},"author":2,"featured_media":0,"comment_status":"open","ping_status":"open","sticky":false,"template":"","format":"standard","meta":{"_jetpack_memberships_contains_paid_content":false,"footnotes":""},"categories":[11],"tags":[],"external_author":[47],"cited_author":[],"publisher":[],"book_author":[],"class_list":["post-3109","post","type-post","status-publish","format-standard","hentry","category-articles","external_author-michel-leconte"],"jetpack_sharing_enabled":true,"jetpack_featured_media_url":"","_links":{"self":[{"href":"https:\/\/protestantsdanslaville.org\/wordpress\/wp-json\/wp\/v2\/posts\/3109","targetHints":{"allow":["GET"]}}],"collection":[{"href":"https:\/\/protestantsdanslaville.org\/wordpress\/wp-json\/wp\/v2\/posts"}],"about":[{"href":"https:\/\/protestantsdanslaville.org\/wordpress\/wp-json\/wp\/v2\/types\/post"}],"author":[{"embeddable":true,"href":"https:\/\/protestantsdanslaville.org\/wordpress\/wp-json\/wp\/v2\/users\/2"}],"replies":[{"embeddable":true,"href":"https:\/\/protestantsdanslaville.org\/wordpress\/wp-json\/wp\/v2\/comments?post=3109"}],"version-history":[{"count":1,"href":"https:\/\/protestantsdanslaville.org\/wordpress\/wp-json\/wp\/v2\/posts\/3109\/revisions"}],"predecessor-version":[{"id":3110,"href":"https:\/\/protestantsdanslaville.org\/wordpress\/wp-json\/wp\/v2\/posts\/3109\/revisions\/3110"}],"wp:attachment":[{"href":"https:\/\/protestantsdanslaville.org\/wordpress\/wp-json\/wp\/v2\/media?parent=3109"}],"wp:term":[{"taxonomy":"category","embeddable":true,"href":"https:\/\/protestantsdanslaville.org\/wordpress\/wp-json\/wp\/v2\/categories?post=3109"},{"taxonomy":"post_tag","embeddable":true,"href":"https:\/\/protestantsdanslaville.org\/wordpress\/wp-json\/wp\/v2\/tags?post=3109"},{"taxonomy":"external_author","embeddable":true,"href":"https:\/\/protestantsdanslaville.org\/wordpress\/wp-json\/wp\/v2\/external_author?post=3109"},{"taxonomy":"cited_author","embeddable":true,"href":"https:\/\/protestantsdanslaville.org\/wordpress\/wp-json\/wp\/v2\/cited_author?post=3109"},{"taxonomy":"publisher","embeddable":true,"href":"https:\/\/protestantsdanslaville.org\/wordpress\/wp-json\/wp\/v2\/publisher?post=3109"},{"taxonomy":"book_author","embeddable":true,"href":"https:\/\/protestantsdanslaville.org\/wordpress\/wp-json\/wp\/v2\/book_author?post=3109"}],"curies":[{"name":"wp","href":"https:\/\/api.w.org\/{rel}","templated":true}]}}