{"id":3104,"date":"2026-01-08T12:27:35","date_gmt":"2026-01-08T11:27:35","guid":{"rendered":"https:\/\/protestantsdanslaville.org\/wordpress\/?p=3104"},"modified":"2026-01-08T12:27:35","modified_gmt":"2026-01-08T11:27:35","slug":"sans-lau-dela-plus-de-foi","status":"publish","type":"post","link":"https:\/\/protestantsdanslaville.org\/wordpress\/sans-lau-dela-plus-de-foi\/","title":{"rendered":"Sans l&rsquo;au-del\u00e0, plus de foi\u00a0?"},"content":{"rendered":"\n<p><strong>Alors ce n\u2019est pas \u00e0 J\u00e9sus qu\u2019on croit, c\u2019est la mort qu\u2019on refuse.<\/strong><strong><\/strong><\/p>\n\n\n\n<p>Il y a quelque chose de profond\u00e9ment obsc\u00e8ne dans une grande partie du christianisme contemporain&nbsp;: l\u2019id\u00e9e largement partag\u00e9e que&nbsp;<strong>la foi n\u2019aurait plus aucun sens s\u2019il n\u2019y avait rien apr\u00e8s la mort<\/strong>. Comme si Dieu n\u2019\u00e9tait int\u00e9ressant qu\u2019\u00e0 condition d\u2019offrir une survie. Comme si l\u2019\u00c9vangile ne valait quelque chose que transform\u00e9 en promesse d\u2019immortalit\u00e9.<\/p>\n\n\n\n<p>Soyons clairs&nbsp;: une foi qui s\u2019effondre sans l\u2019au-del\u00e0 n\u2019est pas une foi, c\u2019est une&nbsp;<strong>assurance-vie m\u00e9taphysique<\/strong>. On ne croit plus pour vivre autrement, mais&nbsp;<strong>pour&nbsp;<\/strong><strong>ne pas<\/strong>&nbsp;<strong>mourir vraiment<\/strong>. Dieu devient le gestionnaire de l\u2019angoisse humaine, et la religion un dispositif de d\u00e9ni soigneusement ritualis\u00e9.<\/p>\n\n\n\n<p>Plus grave encore&nbsp;: chez beaucoup de fid\u00e8les,&nbsp;<strong>si J\u00e9sus n\u2019avait pas exist\u00e9, cela ne changerait presque rien<\/strong><strong>.&nbsp;<\/strong>Leur morale resterait la m\u00eame, leur rapport au monde inchang\u00e9, leur vision de l\u2019humain intacte. J\u00e9sus n\u2019est plus une figure vivante, d\u00e9rangeante, subversive&nbsp;; il est un logo doctrinal coll\u00e9 sur un syst\u00e8me dogmatique qui lui est largement post\u00e9rieur.<\/p>\n\n\n\n<p>Sa mani\u00e8re de vivre \u2014&nbsp;fraternit\u00e9 sans conditions, critique du pouvoir religieux, primaut\u00e9 de l\u2019humain sur la loi, refus de la violence sacr\u00e9e&nbsp;\u2014 est devenue secondaire. Ce qui compte, ce n\u2019est plus J\u00e9sus, mais ce qu\u2019on a fait de lui : un Christ cosmique charg\u00e9 d\u2019ouvrir les portes de l\u2019au-del\u00e0. \u00c0 ce stade,&nbsp;<strong>J\u00e9sus devient interchangeable<\/strong>. Il n\u2019est plus la source de la foi, mais son alibi.<\/p>\n\n\n\n<p>On mesure ici l\u2019ampleur de la trahison. Le christianisme ne s\u2019est pas content\u00e9 d\u2019ajouter une promesse post-mortem au message de J\u00e9sus&nbsp;; il l\u2019a&nbsp;<strong>d\u00e9plac\u00e9<\/strong>. De l\u2019existence \u00e0 la survie. De la transformation du pr\u00e9sent \u00e0 la r\u00e9compense future. De la responsabilit\u00e9 humaine \u00e0 la d\u00e9pendance salvatrice.<\/p>\n\n\n\n<p>R\u00e9sultat&nbsp;: une foi d\u00e9sincarn\u00e9e, qui ne change rien aux rapports sociaux, rien aux injustices, rien aux logiques de domination \u2014&nbsp;mais qui exige une croyance correcte sous peine de perdition \u00e9ternelle. Une religion obs\u00e9d\u00e9e par la mort, qui pr\u00e9tend parler de vie.<\/p>\n\n\n\n<p>Or les \u00e9vangiles racontent tout autre chose&nbsp;: un homme dont la seule existence d\u00e9range l\u2019ordre \u00e9tabli, bouleverse les hi\u00e9rarchies, rend la religion dangereuse pour le pouvoir.&nbsp;<strong>Un J\u00e9sus dont la vie a un sens m\u00eame s\u2019il n\u2019y a rien apr\u00e8s.<\/strong><strong><\/strong><\/p>\n\n\n\n<p>Si la disparition de l\u2019au-del\u00e0 vide la foi de son contenu, alors c\u2019est que le c\u0153ur du christianisme est ailleurs que dans l\u2019\u00c9vangile. Et si J\u00e9sus est devenu optionnel, c\u2019est que le christianisme institutionnel a depuis longtemps cess\u00e9 de croire en lui.<\/p>\n\n\n\n<p>La vraie question n\u2019est donc pas&nbsp;:&nbsp;y a-t-il une vie apr\u00e8s la mort&nbsp;?<\/p>\n\n\n\n<p>Mais celle-ci, autrement plus d\u00e9rangeante&nbsp;:&nbsp;<strong>le<\/strong>&nbsp;<strong>christianisme a-t-il encore quelque chose \u00e0 dire \u00e0 la vie avant la mort&nbsp;?<\/strong><\/p>\n\n\n\n<p>Sans cela, il ne reste qu\u2019un syst\u00e8me de consolation. Et J\u00e9sus, une silhouette inutile sur un arri\u00e8re-plan d\u2019\u00e9ternit\u00e9 fantasm\u00e9e.<\/p>\n","protected":false},"excerpt":{"rendered":"<p>Alors ce n\u2019est pas \u00e0 J\u00e9sus qu\u2019on croit, c\u2019est la mort qu\u2019on refuse. Il y a quelque chose de profond\u00e9ment obsc\u00e8ne dans une grande partie du christianisme contemporain&nbsp;: l\u2019id\u00e9e largement partag\u00e9e que&nbsp;la foi n\u2019aurait plus aucun sens s\u2019il n\u2019y avait rien apr\u00e8s la mort. Comme si Dieu n\u2019\u00e9tait int\u00e9ressant qu\u2019\u00e0 condition d\u2019offrir une survie. Comme [&hellip;]<\/p>\n","protected":false},"author":2,"featured_media":0,"comment_status":"open","ping_status":"open","sticky":false,"template":"","format":"standard","meta":{"_jetpack_memberships_contains_paid_content":false,"footnotes":""},"categories":[11],"tags":[],"external_author":[47],"cited_author":[],"publisher":[],"book_author":[],"class_list":["post-3104","post","type-post","status-publish","format-standard","hentry","category-articles","external_author-michel-leconte"],"jetpack_sharing_enabled":true,"jetpack_featured_media_url":"","_links":{"self":[{"href":"https:\/\/protestantsdanslaville.org\/wordpress\/wp-json\/wp\/v2\/posts\/3104","targetHints":{"allow":["GET"]}}],"collection":[{"href":"https:\/\/protestantsdanslaville.org\/wordpress\/wp-json\/wp\/v2\/posts"}],"about":[{"href":"https:\/\/protestantsdanslaville.org\/wordpress\/wp-json\/wp\/v2\/types\/post"}],"author":[{"embeddable":true,"href":"https:\/\/protestantsdanslaville.org\/wordpress\/wp-json\/wp\/v2\/users\/2"}],"replies":[{"embeddable":true,"href":"https:\/\/protestantsdanslaville.org\/wordpress\/wp-json\/wp\/v2\/comments?post=3104"}],"version-history":[{"count":1,"href":"https:\/\/protestantsdanslaville.org\/wordpress\/wp-json\/wp\/v2\/posts\/3104\/revisions"}],"predecessor-version":[{"id":3105,"href":"https:\/\/protestantsdanslaville.org\/wordpress\/wp-json\/wp\/v2\/posts\/3104\/revisions\/3105"}],"wp:attachment":[{"href":"https:\/\/protestantsdanslaville.org\/wordpress\/wp-json\/wp\/v2\/media?parent=3104"}],"wp:term":[{"taxonomy":"category","embeddable":true,"href":"https:\/\/protestantsdanslaville.org\/wordpress\/wp-json\/wp\/v2\/categories?post=3104"},{"taxonomy":"post_tag","embeddable":true,"href":"https:\/\/protestantsdanslaville.org\/wordpress\/wp-json\/wp\/v2\/tags?post=3104"},{"taxonomy":"external_author","embeddable":true,"href":"https:\/\/protestantsdanslaville.org\/wordpress\/wp-json\/wp\/v2\/external_author?post=3104"},{"taxonomy":"cited_author","embeddable":true,"href":"https:\/\/protestantsdanslaville.org\/wordpress\/wp-json\/wp\/v2\/cited_author?post=3104"},{"taxonomy":"publisher","embeddable":true,"href":"https:\/\/protestantsdanslaville.org\/wordpress\/wp-json\/wp\/v2\/publisher?post=3104"},{"taxonomy":"book_author","embeddable":true,"href":"https:\/\/protestantsdanslaville.org\/wordpress\/wp-json\/wp\/v2\/book_author?post=3104"}],"curies":[{"name":"wp","href":"https:\/\/api.w.org\/{rel}","templated":true}]}}