{"id":3099,"date":"2026-01-07T12:08:28","date_gmt":"2026-01-07T11:08:28","guid":{"rendered":"https:\/\/protestantsdanslaville.org\/wordpress\/?p=3099"},"modified":"2026-01-07T12:08:28","modified_gmt":"2026-01-07T11:08:28","slug":"pour-ceux-qui-ne-connaissent-pas-jesus","status":"publish","type":"post","link":"https:\/\/protestantsdanslaville.org\/wordpress\/pour-ceux-qui-ne-connaissent-pas-jesus\/","title":{"rendered":"Pour ceux qui ne connaissent pas J\u00e9sus"},"content":{"rendered":"\n<p>J\u00e9sus n\u2019est pas d\u2019abord une religion, encore moins un syst\u00e8me moral.<\/p>\n\n\n\n<p>C\u2019est un homme qui a pris radicalement au s\u00e9rieux la vie humaine telle qu\u2019elle est&nbsp;: fragile, bless\u00e9e, conflictuelle, mortelle.<\/p>\n\n\n\n<p>1. Il n\u2019a pas commenc\u00e9 par exiger, mais par accueillir.<\/p>\n\n\n\n<p>J\u00e9sus ne demande pas d\u2019\u00eatre pur pour \u00eatre aim\u00e9. Il part de l\u00e0 o\u00f9 les gens en sont : leurs \u00e9checs, leurs peurs, leurs contradictions. Il ne moralise pas d\u2019abord&nbsp;; il rel\u00e8ve.<\/p>\n\n\n\n<p>2. Il a lib\u00e9r\u00e9 les \u00eatres humains de la culpabilit\u00e9 paralysante.<\/p>\n\n\n\n<p>L\u00e0 o\u00f9 les religions enferment souvent dans la faute, J\u00e9sus desserre l\u2019\u00e9tau : il redonne \u00e0 chacun la possibilit\u00e9 de se relever, de recommencer, sans \u00eatre \u00e9cras\u00e9 par le pass\u00e9.<\/p>\n\n\n\n<p>3. Il a remis l\u2019humain avant les lois, les traditions et le sacr\u00e9.<\/p>\n\n\n\n<p>Pour lui, aucune r\u00e8gle religieuse ne vaut plus qu\u2019une personne. Il s\u2019oppose aux syst\u00e8mes qui sacralisent l\u2019ordre au d\u00e9triment de la vie. Cela le rend profond\u00e9ment subversif.<\/p>\n\n\n\n<p>4. Il a v\u00e9cu une fraternit\u00e9 sans conditions.<\/p>\n\n\n\n<p>Il parle avec ceux que la soci\u00e9t\u00e9 \u00e9carte&nbsp;: pauvres, femmes, malades, \u00e9trangers, marginaux. Il ne construit pas une communaut\u00e9 de \u00ab&nbsp;justes&nbsp;\u00bb, mais un espace o\u00f9 chacun a place.<\/p>\n\n\n\n<p>5. Il n\u2019a jamais cherch\u00e9 le pouvoir.<\/p>\n\n\n\n<p>Il refuse d\u2019\u00eatre chef, roi ou fondateur d\u2019institution. Il ne domine pas&nbsp;: il sert. Et c\u2019est pr\u00e9cis\u00e9ment cela qui l\u2019a conduit au conflit\u2026 puis \u00e0 la mort.<\/p>\n\n\n\n<p>6. Il a affront\u00e9 la mort sans la nier.<\/p>\n\n\n\n<p>J\u00e9sus ne promet pas une fuite hors de la condition humaine. Il traverse l\u2019angoisse, l\u2019abandon, la finitude. Sa force n\u2019est pas dans l\u2019invuln\u00e9rabilit\u00e9, mais dans la fid\u00e9lit\u00e9 \u00e0 ce qu\u2019il a v\u00e9cu et annonc\u00e9.<\/p>\n\n\n\n<p>D\u00e9couvrir J\u00e9sus, ce n\u2019est pas entrer dans une croyance.<\/p>\n\n\n\n<p>C\u2019est rencontrer une mani\u00e8re d\u2019\u00eatre humain : plus libre, plus juste, plus vraie.<\/p>\n\n\n\n<p>Et se demander, tr\u00e8s simplement&nbsp;: qu\u2019est-ce que sa fa\u00e7on de vivre fait r\u00e9sonner en moi&nbsp;?<\/p>\n","protected":false},"excerpt":{"rendered":"<p>J\u00e9sus n\u2019est pas d\u2019abord une religion, encore moins un syst\u00e8me moral. C\u2019est un homme qui a pris radicalement au s\u00e9rieux la vie humaine telle qu\u2019elle est&nbsp;: fragile, bless\u00e9e, conflictuelle, mortelle. 1. Il n\u2019a pas commenc\u00e9 par exiger, mais par accueillir. J\u00e9sus ne demande pas d\u2019\u00eatre pur pour \u00eatre aim\u00e9. Il part de l\u00e0 o\u00f9 les [&hellip;]<\/p>\n","protected":false},"author":2,"featured_media":0,"comment_status":"open","ping_status":"open","sticky":false,"template":"","format":"standard","meta":{"_jetpack_memberships_contains_paid_content":false,"footnotes":""},"categories":[11],"tags":[],"external_author":[47],"cited_author":[],"publisher":[],"book_author":[],"class_list":["post-3099","post","type-post","status-publish","format-standard","hentry","category-articles","external_author-michel-leconte"],"jetpack_sharing_enabled":true,"jetpack_featured_media_url":"","_links":{"self":[{"href":"https:\/\/protestantsdanslaville.org\/wordpress\/wp-json\/wp\/v2\/posts\/3099","targetHints":{"allow":["GET"]}}],"collection":[{"href":"https:\/\/protestantsdanslaville.org\/wordpress\/wp-json\/wp\/v2\/posts"}],"about":[{"href":"https:\/\/protestantsdanslaville.org\/wordpress\/wp-json\/wp\/v2\/types\/post"}],"author":[{"embeddable":true,"href":"https:\/\/protestantsdanslaville.org\/wordpress\/wp-json\/wp\/v2\/users\/2"}],"replies":[{"embeddable":true,"href":"https:\/\/protestantsdanslaville.org\/wordpress\/wp-json\/wp\/v2\/comments?post=3099"}],"version-history":[{"count":1,"href":"https:\/\/protestantsdanslaville.org\/wordpress\/wp-json\/wp\/v2\/posts\/3099\/revisions"}],"predecessor-version":[{"id":3100,"href":"https:\/\/protestantsdanslaville.org\/wordpress\/wp-json\/wp\/v2\/posts\/3099\/revisions\/3100"}],"wp:attachment":[{"href":"https:\/\/protestantsdanslaville.org\/wordpress\/wp-json\/wp\/v2\/media?parent=3099"}],"wp:term":[{"taxonomy":"category","embeddable":true,"href":"https:\/\/protestantsdanslaville.org\/wordpress\/wp-json\/wp\/v2\/categories?post=3099"},{"taxonomy":"post_tag","embeddable":true,"href":"https:\/\/protestantsdanslaville.org\/wordpress\/wp-json\/wp\/v2\/tags?post=3099"},{"taxonomy":"external_author","embeddable":true,"href":"https:\/\/protestantsdanslaville.org\/wordpress\/wp-json\/wp\/v2\/external_author?post=3099"},{"taxonomy":"cited_author","embeddable":true,"href":"https:\/\/protestantsdanslaville.org\/wordpress\/wp-json\/wp\/v2\/cited_author?post=3099"},{"taxonomy":"publisher","embeddable":true,"href":"https:\/\/protestantsdanslaville.org\/wordpress\/wp-json\/wp\/v2\/publisher?post=3099"},{"taxonomy":"book_author","embeddable":true,"href":"https:\/\/protestantsdanslaville.org\/wordpress\/wp-json\/wp\/v2\/book_author?post=3099"}],"curies":[{"name":"wp","href":"https:\/\/api.w.org\/{rel}","templated":true}]}}