{"id":3080,"date":"2026-01-05T17:01:28","date_gmt":"2026-01-05T16:01:28","guid":{"rendered":"https:\/\/protestantsdanslaville.org\/wordpress\/?p=3080"},"modified":"2026-01-05T17:29:53","modified_gmt":"2026-01-05T16:29:53","slug":"le-religieux-dans-la-presse-35","status":"publish","type":"post","link":"https:\/\/protestantsdanslaville.org\/wordpress\/le-religieux-dans-la-presse-35\/","title":{"rendered":"Le religieux dans la presse"},"content":{"rendered":"\n<p><strong>\u00c9ditorial du Nouvel Obs<\/strong><\/p>\n\n\n\n<p>31 d\u00e9cembre 2025<br>Bien que la fatigue d\u00e9mocratique progresse dans le pays,&nbsp;il&nbsp;nous faut avoir la lucidit\u00e9 de ne surtout pas c\u00e9der \u00e0&nbsp;la r\u00e9signation. Car la guerre qui oppose forces progressistes et r\u00e9actionnaires, d\u00e9mocraties et r\u00e9gimes autoritaires,&nbsp;se joue d\u2019abord dans nos t\u00eates, dans notre capacit\u00e9 \u00e0 croire \u2013&nbsp;et vouloir&nbsp;\u2013&nbsp;que le combat pour les libert\u00e9s et contre les injustices peut \u00eatre men\u00e9.&nbsp;<br>Dans un monde satur\u00e9 de discours simplificateurs,&nbsp;de&nbsp;r\u00e9cits biais\u00e9s et de man\u0153uvres de d\u00e9sinformation, cette bataille se joue aussi dans notre volont\u00e9 de d\u00e9fendre les faits, d\u2019embrasser la complexit\u00e9 du r\u00e9el, de choisir la nuance contre les affirmations simplistes.&nbsp;<br>Elle se joue, enfin, dans notre envie de faire exister d\u2019autres r\u00e9cits que celui du d\u00e9clin, dans notre souci de&nbsp;visibiliser les id\u00e9es d\u2019avenir et de mettre en valeur les solutions alternatives, celles qui nous permettent de continuer \u00e0 imaginer un avenir en commun.<\/p>\n\n\n\n<p>\u00b0\u00b0\u00b0\u00b0\u00b0\u00b0\u00b0\u00b0\u00b0\u00b0\u00b0\u00b0\u00b0\u00b0\u00b0\u00b0\u00b0\u00b0\u00b0\u00b0\u00b0\u00b0&nbsp;<\/p>\n\n\n\n<p><strong>Le sapin de No\u00ebl de Trafalgar Square \u00e0 Londres<\/strong><\/p>\n\n\n\n<p><strong>&nbsp;<\/strong>Un groupe de chr\u00e9tiens de l\u2019association&nbsp;<strong>Christian Climate Action<\/strong>&nbsp;(CCA) (Action chr\u00e9tienne pour le climat) a remis, juste avant No\u00ebl, un sapin mort \u00e0 l&rsquo;ambassade de Norv\u00e8ge pour d\u00e9noncer les d\u00e9g\u00e2ts caus\u00e9s par les forages p\u00e9troliers norv\u00e9giens dans l&rsquo;Atlantique Nord.<\/p>\n\n\n\n<p>Le g\u00e9ant p\u00e9trolier Equinor, d\u00e9tenu majoritairement par l&rsquo;\u00c9tat norv\u00e9gien, pr\u00e9voit de commencer le forage du champ p\u00e9trolier de Rosebank, malgr\u00e9 les objections des climatologues, des militants \u00e9cologistes et des populations des pays du Sud.&nbsp;<\/p>\n\n\n\n<p>Dans une lettre adress\u00e9e \u00e0 l&rsquo;ambassadeur de Norv\u00e8ge, jointe au sapin, les membres de&nbsp;<strong>Christian Climate Action<\/strong>&nbsp;ont \u00e9crit&nbsp;:&nbsp;<strong>\u00ab&nbsp;Les \u00e9missions de CO2 de ce seul champ p\u00e9trolier pourraient \u00e9quivaloir aux \u00e9missions annuelles cumul\u00e9es des 28&nbsp;pays les plus pauvres, qui abritent plus de 700&nbsp;millions d&rsquo;habitants. Et qui ne fera qu&rsquo;aggraver la situation et la destruction de la plan\u00e8te.&nbsp;\u00bb<\/strong><\/p>\n\n\n\n<p>Le gouvernement britannique a suspendu la d\u00e9livrance de permis pour les nouveaux gisements de p\u00e9trole et de gaz, mais le projet de Rosebank avait re\u00e7u le feu vert sous l&rsquo;administration de Rishi Sunak (Premier ministre conservateur, battu en 2024). Un pasteur baptiste d&rsquo;Oxford qui a particip\u00e9 \u00e0 la livraison de l&rsquo;arbre mort \u00e0 l\u2019ambassade de Norv\u00e8ge a d\u00e9clar\u00e9&nbsp;:&nbsp;<strong>\u00ab&nbsp;Les \u00e9nergies fossiles d\u00e9truisent notre plan\u00e8te, ses habitants, la faune et la terre. C&rsquo;est ce que repr\u00e9sente cet arbre mort. Et nous le remettons \u00e0 l&rsquo;ambassade de Norv\u00e8ge la veille de l&rsquo;illumination \u00e0 Trafalgar Square du sapin offert au Royaume-Uni par la Norv\u00e8ge en remerciement de l&rsquo;aide apport\u00e9e par le Royaume-Uni pendant les heures sombres de la Seconde Guerre mondiale. C&rsquo;est un merveilleux cadeau qui apporte de la joie \u00e0 des millions de personnes, mais l&rsquo;histoire de No\u00ebl ne se r\u00e9sume pas aux guirlandes lumineuses, aux sapins et aux cadeaux. Elle parle de Dieu venant \u00e0 travers un enfant n\u00e9 dans une cabane pour une famille bient\u00f4t r\u00e9fugi\u00e9e, \u00e0 des kilom\u00e8tres de chez elle.&nbsp;Il s&rsquo;agit d&rsquo;affronter l&rsquo;obscurit\u00e9 et de voir que la lumi\u00e8re et l&rsquo;espoir peuvent rena\u00eetre. Nous sommes confront\u00e9s \u00e0 une obscurit\u00e9 bien r\u00e9elle et actuelle face \u00e0 l&rsquo;urgence climatique, dont nous avons \u00e9t\u00e9 t\u00e9moins directs lors de la temp\u00eate Bert. L&rsquo;intervention du gouvernement norv\u00e9gien et d&rsquo;Equinor pour stopper la temp\u00eate Rosebank apporterait une v\u00e9ritable lueur d&rsquo;espoir.&nbsp;\u00bb<\/strong><\/p>\n\n\n\n<p>Le don annuel du sapin de Trafalgar Square par la Norv\u00e8ge remonte \u00e0&nbsp;1947, en reconnaissance du soutien britannique pendant la Seconde Guerre mondiale.<\/p>\n\n\n\n<p>\u00b0\u00b0\u00b0\u00b0\u00b0\u00b0\u00b0\u00b0\u00b0\u00b0\u00b0\u00b0\u00b0\u00b0\u00b0\u00b0\u00b0\u00b0\u00b0<\/p>\n\n\n\n<p><strong>No\u00ebl \u00e0 Bethl\u00e9em<\/strong><\/p>\n\n\n\n<p>&nbsp;<strong>\u00ab&nbsp;L\u00e8ve-toi, brille Bethl\u00e9em, car la lumi\u00e8re de la paix s\u2019est de nouveau lev\u00e9e&nbsp;\u00bb&nbsp;<\/strong>C\u2019est avec ces mots qu\u2019a \u00e9t\u00e9 allum\u00e9 le sapin de la place de la Mangeoire \u00e0 Bethl\u00e9em \u2013&nbsp;pour la premi\u00e8re fois depuis deux ans. Le symbole \u00e9tait fort pour la ville de Cisjordanie qui avait annul\u00e9 les festivit\u00e9s de No\u00ebl par solidarit\u00e9 avec Gaza. Le 23&nbsp;d\u00e9cembre, des touristes sont revenus, des scouts ont d\u00e9fil\u00e9 devant la basilique de la Nativit\u00e9. Le lendemain, le patriarche latin de J\u00e9rusalem, le cardinal Pizzaballa, est venu prononcer une hom\u00e9lie pour la paix, et le pasteur luth\u00e9rien Munher Isaac (aujourd\u2019hui \u00e0 Ramallah) publiait ce message&nbsp;:&nbsp;<strong>\u00ab&nbsp;Si le monde chr\u00e9tien doit honorer le sens de No\u00ebl, il doit tourner son regard vers Bethl\u00e9em. Non pas l\u2019imagin\u00e9e, mais la vraie ville, une ville dont les habitants, aujourd\u2019hui, r\u00e9clament encore la justice, la dignit\u00e9 et la paix.&nbsp;\u00bb&nbsp;<\/strong><\/p>\n\n\n\n<p>Trois jours plus t\u00f4t, les autorit\u00e9s isra\u00e9liennes avaient approuv\u00e9 l\u2019installation de 19&nbsp;nouvelles colonies en Cisjordanie (dont une \u00e0 la sortie est de Bethl\u00e9em). La d\u00e9cision a aussit\u00f4t \u00e9t\u00e9 condamn\u00e9e par 14&nbsp;pays, dont la France, le Royaume-Uni, le Canada et le Japon, qui ont r\u00e9it\u00e9r\u00e9&nbsp;leur<strong>&nbsp;<\/strong><strong>\u00ab&nbsp;claire opposition \u00e0 toute forme d\u2019annexion ainsi qu\u2019au d\u00e9veloppement de la politique de colonisation&nbsp;\u00bb<\/strong><strong>.&nbsp;<\/strong><\/p>\n\n\n\n<p><strong>\u00b0\u00b0\u00b0\u00b0\u00b0\u00b0\u00b0\u00b0\u00b0\u00b0\u00b0\u00b0\u00b0\u00b0\u00b0\u00b0\u00b0\u00b0\u00b0\u00b0\u00b0\u00b0\u00b0<\/strong><\/p>\n\n\n\n<p><strong>No\u00ebl \u00e0 Bethl\u00e9em,&nbsp;<\/strong>c\u2019\u00e9tait aussi<strong>&nbsp;<\/strong>une \u00e9glise bond\u00e9e, plus d\u2019une centaine de pr\u00eatres et \u00e9v\u00eaques conc\u00e9l\u00e9brant, des dizaines de personnes debout&nbsp;: Bethl\u00e9em a r\u00e9uni de tr\u00e8s nombreux fid\u00e8les, comme il ne s\u2019en \u00e9tait plus vus depuis le d\u00e9but de la guerre \u00e0 Gaza en octobre&nbsp;2023. Gaza \u00e9tait d\u2019ailleurs au c\u0153ur des pens\u00e9es du cardinal Pizzaballa qui, dans son pr\u00eache a rappel\u00e9 les d\u00e9vastations qu\u2019il a vues la semaine derni\u00e8re lors de sa visite \u00e0 la paroisse de la Sainte Famille \u00e0 Gaza o\u00f9 sont toujours r\u00e9fugi\u00e9es 400&nbsp;personnes en attendant de pouvoir reconstruire. Et de reconstruction, il en a \u00e9t\u00e9 aussi question dans la pr\u00e9dication du patriarche latin de J\u00e9rusalem&nbsp;:&nbsp;<strong>\u00ab&nbsp;La souffrance est encore pr\u00e9sente \u00e0 Gaza,&nbsp;<\/strong>a-t-il t\u00e9moign\u00e9.&nbsp;<strong>Les familles vivent au milieu des d\u00e9combres. L\u2019avenir est encore fragile et incertain. Les blessures sont profondes&nbsp;\u00bb.&nbsp;<\/strong>Cependant, a ass\u00e9n\u00e9 le cardinal soulignant la r\u00e9silience des Gazaouis, ces situations difficiles&nbsp;<strong>\u00ab&nbsp;ne sont pas le fruit du destin, mais de choix politiques, de responsabilit\u00e9s humaines, de d\u00e9cisions qui souvent mettent les int\u00e9r\u00eats d\u2019un petit nombre devant les int\u00e9r\u00eats de tous&nbsp;\u00bb.<\/strong><strong><\/strong><\/p>\n\n\n\n<p>Les deux ann\u00e9es de guerre ont profond\u00e9ment marqu\u00e9 la vie des Palestiniens et plus particuli\u00e8rement des plus vuln\u00e9rables. Les conditions de nombreuses familles se sont d\u00e9t\u00e9rior\u00e9es pendant le conflit. Emplois perdus, ins\u00e9curit\u00e9 permanente, mobilit\u00e9 restreinte, contr\u00f4les militaires renforc\u00e9s, beaucoup se sentent prisonniers sur leur terre, et domin\u00e9s. Or\u00a0<strong>\u00ab\u00a0No\u00ebl nous invite \u00e0 porter le regard au-del\u00e0 des logiques de domination, pour red\u00e9couvrir la force de l\u2019amour, de la solidarit\u00e9 et de la justice\u00a0\u00bb<\/strong>, souligne le patriarche latin. Joseph et Marie aussi \u00e9taient vuln\u00e9rables, dans une histoire qu\u2019ils ne contr\u00f4laient pas, donnant vie \u00e0 un projet qui n\u2019\u00e9tait pas le leur. J\u00e9sus nait\u00a0<strong>\u00ab\u00a0dans la nuit de l\u2019humanit\u00e9, dans l\u2019incertitude et dans la peur\u00a0\u00bb.<\/strong>\u00a0Il est cette lumi\u00e8re qui contraste avec le pouvoir dominateur. Il envoie dans le monde une lumi\u00e8re qui vainc les t\u00e9n\u00e8bres, le Seigneur qui\u00a0<strong>\u00ab\u00a0agit avec discr\u00e9tion et accomplit ses promesses \u00e0 travers des gestes ordinaires\u00a0\u00bb.<\/strong><\/p>\n\n\n\n<p>La soif de paix de Bethl\u00e9em s\u2019est ressentie tout au long de la journ\u00e9e sur la place de la mangeoire. Les Bethl\u00e9h\u00e9mites \u00e9taient joyeux, heureux de pouvoir enfin c\u00e9l\u00e9brer No\u00ebl en d\u00e9filant dans les rues, en chantant, en dansant au rythme des tambours et des fanfares lors de la longue procession qui a accompagn\u00e9 le cardinal Pizzaballa dans les rues de la vieille ville. La joie rencontr\u00e9e par le patriarche sur son chemin s\u2019est transform\u00e9e en un appel \u00e0 la responsabilit\u00e9 dans sa pr\u00e9dication&nbsp;:&nbsp;<strong>\u00ab&nbsp;La paix ne devient r\u00e9elle que si elle trouve des c\u0153urs disponibles pour l\u2019accueillir, et des mains pr\u00eates \u00e0 la prot\u00e9ger&nbsp;\u00bb,<\/strong>&nbsp;a-t-il affirm\u00e9. La Terre Sainte est un carrefour de peuples et de foi &#8211;&nbsp;en t\u00e9moigne la mosqu\u00e9e qui jouxte la basilique de la Nativit\u00e9-th\u00e9\u00e2tre de tensions et de conflit qui en appellent \u00e0&nbsp;<strong>\u00ab&nbsp;la responsabilit\u00e9 des leaders locaux, de la communaut\u00e9 internationale, mais aussi, en commen\u00e7ant par moi, des autorit\u00e9s religieuses et morales&nbsp;\u00bb.<\/strong><\/p>\n\n\n\n<p>Et Mgr Pierbattista Pizzaballa de poursuivre, devant le vice-pr\u00e9sident de l\u2019autorit\u00e9 palestinienne, Hussein Al-Sheikh, et des repr\u00e9sentants du royaume de Jordanie&nbsp;:<em>&nbsp;<\/em><strong>\u00ab&nbsp;Chaque geste de r\u00e9conciliation, chaque parole qui n\u2019alimente pas la haine, chaque choix qui met au centre la dignit\u00e9 de l\u2019autre devient un lieu o\u00f9 la paix de Dieu prend chair.&nbsp;Ainsi la lumi\u00e8re de Bethl\u00e9em passe&nbsp;\u2018de c\u0153ur en c\u0153ur\u2019, par des gestes simples, des paroles r\u00e9conciliatrices, par des hommes et des femmes qui laissent l\u2019\u00c9vangile s\u2019incarner dans leurs vies&nbsp;\u00bb.<\/strong><\/p>\n\n\n\n<p><strong>Bethl\u00e9em en f\u00eate<\/strong><\/p>\n\n\n\n<p>D\u00e8s le d\u00e9but de l\u2019apr\u00e8s-midi [\u2026] l\u2019unique lieu saint rest\u00e9 en territoire palestinien avait rev\u00eatu ses habits de f\u00eate&nbsp;: les rues se sont illumin\u00e9es le soir tomb\u00e9, des jeux de lumi\u00e8re ont \u00e9t\u00e9 projet\u00e9s sur les murs de la basilique, le grand sapin dress\u00e9 sur la place de la mangeoire s\u2019est allum\u00e9, abritant une grande cr\u00e8che sous ses branches. Des vendeurs ambulants se sont install\u00e9s, proposant aux passants des sp\u00e9cialit\u00e9s culinaires locales et du vin chaud. Un vrai petit march\u00e9 de No\u00ebl a pris place, accueillant dans ses all\u00e9es familles et bambins, chr\u00e9tiens et musulmans. La nuit de No\u00ebl, la paix s\u2019est empar\u00e9e de Bethl\u00e9em.<\/p>\n\n\n\n<p>\u00b0\u00b0\u00b0\u00b0\u00b0\u00b0\u00b0\u00b0\u00b0\u00b0\u00b0\u00b0\u00b0\u00b0<\/p>\n","protected":false},"excerpt":{"rendered":"<p>\u00c9ditorial du Nouvel Obs 31 d\u00e9cembre 2025Bien que la fatigue d\u00e9mocratique progresse dans le pays,&nbsp;il&nbsp;nous faut avoir la lucidit\u00e9 de ne surtout pas c\u00e9der \u00e0&nbsp;la r\u00e9signation. Car la guerre qui oppose forces progressistes et r\u00e9actionnaires, d\u00e9mocraties et r\u00e9gimes autoritaires,&nbsp;se joue d\u2019abord dans nos t\u00eates, dans notre capacit\u00e9 \u00e0 croire \u2013&nbsp;et vouloir&nbsp;\u2013&nbsp;que le combat pour les [&hellip;]<\/p>\n","protected":false},"author":2,"featured_media":0,"comment_status":"open","ping_status":"open","sticky":false,"template":"","format":"standard","meta":{"_jetpack_memberships_contains_paid_content":false,"footnotes":""},"categories":[12,10],"tags":[],"external_author":[32],"cited_author":[],"publisher":[],"book_author":[],"class_list":["post-3080","post","type-post","status-publish","format-standard","hentry","category-emissions-de-radio","category-nouvelles","external_author-claudine-castelnau"],"jetpack_sharing_enabled":true,"jetpack_featured_media_url":"","_links":{"self":[{"href":"https:\/\/protestantsdanslaville.org\/wordpress\/wp-json\/wp\/v2\/posts\/3080","targetHints":{"allow":["GET"]}}],"collection":[{"href":"https:\/\/protestantsdanslaville.org\/wordpress\/wp-json\/wp\/v2\/posts"}],"about":[{"href":"https:\/\/protestantsdanslaville.org\/wordpress\/wp-json\/wp\/v2\/types\/post"}],"author":[{"embeddable":true,"href":"https:\/\/protestantsdanslaville.org\/wordpress\/wp-json\/wp\/v2\/users\/2"}],"replies":[{"embeddable":true,"href":"https:\/\/protestantsdanslaville.org\/wordpress\/wp-json\/wp\/v2\/comments?post=3080"}],"version-history":[{"count":3,"href":"https:\/\/protestantsdanslaville.org\/wordpress\/wp-json\/wp\/v2\/posts\/3080\/revisions"}],"predecessor-version":[{"id":3089,"href":"https:\/\/protestantsdanslaville.org\/wordpress\/wp-json\/wp\/v2\/posts\/3080\/revisions\/3089"}],"wp:attachment":[{"href":"https:\/\/protestantsdanslaville.org\/wordpress\/wp-json\/wp\/v2\/media?parent=3080"}],"wp:term":[{"taxonomy":"category","embeddable":true,"href":"https:\/\/protestantsdanslaville.org\/wordpress\/wp-json\/wp\/v2\/categories?post=3080"},{"taxonomy":"post_tag","embeddable":true,"href":"https:\/\/protestantsdanslaville.org\/wordpress\/wp-json\/wp\/v2\/tags?post=3080"},{"taxonomy":"external_author","embeddable":true,"href":"https:\/\/protestantsdanslaville.org\/wordpress\/wp-json\/wp\/v2\/external_author?post=3080"},{"taxonomy":"cited_author","embeddable":true,"href":"https:\/\/protestantsdanslaville.org\/wordpress\/wp-json\/wp\/v2\/cited_author?post=3080"},{"taxonomy":"publisher","embeddable":true,"href":"https:\/\/protestantsdanslaville.org\/wordpress\/wp-json\/wp\/v2\/publisher?post=3080"},{"taxonomy":"book_author","embeddable":true,"href":"https:\/\/protestantsdanslaville.org\/wordpress\/wp-json\/wp\/v2\/book_author?post=3080"}],"curies":[{"name":"wp","href":"https:\/\/api.w.org\/{rel}","templated":true}]}}