{"id":3072,"date":"2026-01-03T19:01:29","date_gmt":"2026-01-03T18:01:29","guid":{"rendered":"https:\/\/protestantsdanslaville.org\/wordpress\/?p=3072"},"modified":"2026-01-03T19:01:29","modified_gmt":"2026-01-03T18:01:29","slug":"etats-unis-resister-a-la-rhetorique-et-aux-injustices-qui-envahissent-notre-pays","status":"publish","type":"post","link":"https:\/\/protestantsdanslaville.org\/wordpress\/etats-unis-resister-a-la-rhetorique-et-aux-injustices-qui-envahissent-notre-pays\/","title":{"rendered":"\u00c9tats-Unis\u00a0: r\u00e9sister \u00e0 la rh\u00e9torique et aux injustices qui envahissent notre pays"},"content":{"rendered":"\n<p class=\"has-text-align-center\">pasteur de l\u2019\u00c9glise Unie du Christ en Floride<\/p>\n\n\n\n<p class=\"has-text-align-center\">traduction Gilles Castelnau&nbsp;&nbsp;&nbsp;&nbsp;&nbsp;&nbsp;&nbsp;&nbsp;&nbsp;&nbsp;&nbsp;&nbsp;&nbsp;&nbsp;&nbsp;&nbsp;&nbsp;&nbsp;&nbsp;&nbsp;&nbsp;&nbsp;&nbsp;&nbsp;&nbsp;&nbsp;&nbsp;&nbsp;&nbsp;&nbsp;&nbsp;&nbsp;&nbsp;&nbsp;<\/p>\n\n\n\n<p><strong>Question<\/strong><\/p>\n\n\n\n<p>Comment nous, chr\u00e9tiens progressistes, pouvons-nous r\u00e9sister \u00e0 la rh\u00e9torique et aux injustices qui envahissent aujourd&rsquo;hui&nbsp;notre pays&nbsp;?<\/p>\n\n\n\n<p><strong>R\u00e9ponse du pasteur Jeffrey Frantz\u00a0<\/strong><\/p>\n\n\n\n<p>En tant que chr\u00e9tiens progressistes, nous r\u00e9sistons de mani\u00e8re tout \u00e0 fait pacifique \u00e0 l\u2019agression incessante d&rsquo;abus et d&rsquo;injustices d\u00e9ferlant de la part de notre gouvernement. Il est important que nous protestions par \u00e9crit aupr\u00e8s de nos repr\u00e9sentants au Congr\u00e8s car il semble bien qu\u2019ils lisent effectivement nos lettres et nous esp\u00e9rons qu\u2019\u00e0 la longue elles seront \u00e9cout\u00e9es<\/p>\n\n\n\n<p>Par exemple, nous pouvons manifester notre indignation \u00e0 l\u2019\u00e9gard de l\u2019odieux meurtre commis par notre arm\u00e9e des deux hommes tu\u00e9s \u00e0 bord d&rsquo;un cargo cens\u00e9 transporter de la drogue au large des c\u00f4tes v\u00e9n\u00e9zu\u00e9liennes. Nous sommes scandalis\u00e9s par les mensonges \u00e0 ce sujet du pr\u00e9sident Trump et du secr\u00e9taire \u00e0 la D\u00e9fense Pete Hegseth. Cet acte a \u00e9t\u00e9 commis en violation flagrante des r\u00e8gles de la guerre. \u00c0 ce sujet, nous devons faire part de notre indignation \u00e0 nos repr\u00e9sentants au Congr\u00e8s. Nous pensons que non seulement Hegseth doit \u00eatre destitu\u00e9, mais qu\u2019il doit aussi \u00eatre poursuivi en justice pour ces meurtres.<\/p>\n\n\n\n<p>Nous pouvons \u00e9galement participer aux manifestations \u00ab&nbsp;Non aux rois&nbsp;\u00bb organis\u00e9es dans tout le pays et qui peuvent s&rsquo;av\u00e9rer efficace. Toute participation citoyenne aux manifestations est importante.<\/p>\n\n\n\n<p>On peut aussi organiser des r\u00e9unions publiques exprimant notre opposition au syst\u00e8me gouvernemental actuel.&nbsp;<\/p>\n\n\n\n<p>De r\u00e9cents sondages indiquent que la cote de popularit\u00e9 du pr\u00e9sident Trump est actuellement n\u00e9gative sur pratiquement tous les sujets&nbsp;: l&rsquo;\u00e9conomie (droits de douane et accessibilit\u00e9 financi\u00e8re), l&rsquo;immigration, la sant\u00e9, les affaires \u00e9trang\u00e8res, la guerre d\u2019Ukraine), l&rsquo;affaire Epstein, le r\u00e9chauffement climatique, l&rsquo;\u00e9ducation, et bien d&rsquo;autres. Des r\u00e9unions publiques organis\u00e9es avec la pr\u00e9sence d\u2019un membre du Congr\u00e8s peuvent exprimer un message clair \u00e0 Washington.<\/p>\n\n\n\n<p>En tant que chr\u00e9tiens, nous devons d\u00e9fendre la justice et le droit&nbsp;: le proph\u00e8te Mich\u00e9e appelle \u00e0 juste titre \u00e0 \u00ab&nbsp;pratiquer la justice, \u00e0 aimer la mis\u00e9ricorde et \u00e0 marcher humblement avec notre Dieu&nbsp;\u00bb. (Mi&nbsp;6.8)<\/p>\n\n\n\n<p>Les injustices de l&rsquo;administration Trump exigent notre r\u00e9action&nbsp;: protestation et r\u00e9sistance. T\u00f4t ou tard, le trumpisme s&rsquo;effondrera, et sa chute sera brutale. En attendant, faisons tout pour acc\u00e9l\u00e9rer cette disparition.<\/p>\n","protected":false},"excerpt":{"rendered":"<p>pasteur de l\u2019\u00c9glise Unie du Christ en Floride traduction Gilles Castelnau&nbsp;&nbsp;&nbsp;&nbsp;&nbsp;&nbsp;&nbsp;&nbsp;&nbsp;&nbsp;&nbsp;&nbsp;&nbsp;&nbsp;&nbsp;&nbsp;&nbsp;&nbsp;&nbsp;&nbsp;&nbsp;&nbsp;&nbsp;&nbsp;&nbsp;&nbsp;&nbsp;&nbsp;&nbsp;&nbsp;&nbsp;&nbsp;&nbsp;&nbsp; Question Comment nous, chr\u00e9tiens progressistes, pouvons-nous r\u00e9sister \u00e0 la rh\u00e9torique et aux injustices qui envahissent aujourd&rsquo;hui&nbsp;notre pays&nbsp;? R\u00e9ponse du pasteur Jeffrey Frantz\u00a0 En tant que chr\u00e9tiens progressistes, nous r\u00e9sistons de mani\u00e8re tout \u00e0 fait pacifique \u00e0 l\u2019agression incessante d&rsquo;abus et d&rsquo;injustices d\u00e9ferlant de la [&hellip;]<\/p>\n","protected":false},"author":2,"featured_media":0,"comment_status":"open","ping_status":"open","sticky":false,"template":"","format":"standard","meta":{"_jetpack_memberships_contains_paid_content":false,"footnotes":""},"categories":[11],"tags":[],"external_author":[176],"cited_author":[],"publisher":[],"book_author":[],"class_list":["post-3072","post","type-post","status-publish","format-standard","hentry","category-articles","external_author-jeffrey-frantz"],"jetpack_sharing_enabled":true,"jetpack_featured_media_url":"","_links":{"self":[{"href":"https:\/\/protestantsdanslaville.org\/wordpress\/wp-json\/wp\/v2\/posts\/3072","targetHints":{"allow":["GET"]}}],"collection":[{"href":"https:\/\/protestantsdanslaville.org\/wordpress\/wp-json\/wp\/v2\/posts"}],"about":[{"href":"https:\/\/protestantsdanslaville.org\/wordpress\/wp-json\/wp\/v2\/types\/post"}],"author":[{"embeddable":true,"href":"https:\/\/protestantsdanslaville.org\/wordpress\/wp-json\/wp\/v2\/users\/2"}],"replies":[{"embeddable":true,"href":"https:\/\/protestantsdanslaville.org\/wordpress\/wp-json\/wp\/v2\/comments?post=3072"}],"version-history":[{"count":1,"href":"https:\/\/protestantsdanslaville.org\/wordpress\/wp-json\/wp\/v2\/posts\/3072\/revisions"}],"predecessor-version":[{"id":3073,"href":"https:\/\/protestantsdanslaville.org\/wordpress\/wp-json\/wp\/v2\/posts\/3072\/revisions\/3073"}],"wp:attachment":[{"href":"https:\/\/protestantsdanslaville.org\/wordpress\/wp-json\/wp\/v2\/media?parent=3072"}],"wp:term":[{"taxonomy":"category","embeddable":true,"href":"https:\/\/protestantsdanslaville.org\/wordpress\/wp-json\/wp\/v2\/categories?post=3072"},{"taxonomy":"post_tag","embeddable":true,"href":"https:\/\/protestantsdanslaville.org\/wordpress\/wp-json\/wp\/v2\/tags?post=3072"},{"taxonomy":"external_author","embeddable":true,"href":"https:\/\/protestantsdanslaville.org\/wordpress\/wp-json\/wp\/v2\/external_author?post=3072"},{"taxonomy":"cited_author","embeddable":true,"href":"https:\/\/protestantsdanslaville.org\/wordpress\/wp-json\/wp\/v2\/cited_author?post=3072"},{"taxonomy":"publisher","embeddable":true,"href":"https:\/\/protestantsdanslaville.org\/wordpress\/wp-json\/wp\/v2\/publisher?post=3072"},{"taxonomy":"book_author","embeddable":true,"href":"https:\/\/protestantsdanslaville.org\/wordpress\/wp-json\/wp\/v2\/book_author?post=3072"}],"curies":[{"name":"wp","href":"https:\/\/api.w.org\/{rel}","templated":true}]}}