{"id":2936,"date":"2025-12-16T22:52:13","date_gmt":"2025-12-16T21:52:13","guid":{"rendered":"https:\/\/protestantsdanslaville.org\/wordpress\/?p=2936"},"modified":"2025-12-16T22:52:13","modified_gmt":"2025-12-16T21:52:13","slug":"joie-de-noel","status":"publish","type":"post","link":"https:\/\/protestantsdanslaville.org\/wordpress\/joie-de-noel\/","title":{"rendered":"Joie de No\u00ebl"},"content":{"rendered":"\n<p><\/p>\n\n\n\n<p>Joie de la f\u00eate. Il fait nuit t\u00f4t mais nous avons la lumi\u00e8re des guirlandes et des vitrines des magasins. On fait des achats, on pense aux cadeaux et au d\u00eener de f\u00eate en famille ou avec des amis. On est content. Un peu meilleur. Il faut penser \u00e0 donner une pi\u00e8ce aux mendiants et peut-\u00eatre \u00e0 M\u00e9decins sans fronti\u00e8res ou \u00e0 l&rsquo;Arm\u00e9e du Salut. C&rsquo;est bien.<br>J&rsquo;ai regard\u00e9 sur Google qui, naturellement m\u00e9lange un peu tout : les lettres au P\u00e8re No\u00ebl, les lutins qui l&rsquo;accompagnent, les traditions proven\u00e7ales, les cartes \u00e9lectroniques, les recettes de g\u00e2teaux&#8230;<br>J&rsquo;ai aim\u00e9 un grand magasin dont la belle d\u00e9coration est faite d&rsquo;arbres rouges et de f\u00e9es \u00e9l\u00e9gantes, aux yeux il est vrai un peu vide. Et en effet, pourquoi pas des f\u00e9es et des arbres rouges ?\u00a0<br>On est au creux de l&rsquo;hiver, les nuits sont longues, on a bien besoin de s&rsquo;encourager et de se donner un peu de lumi\u00e8re ! J&rsquo;en suis content. J&rsquo;aime No\u00ebl.<br>Et les chr\u00e9tiens du 4<sup>e<\/sup>\u00a0si\u00e8cle qui ont eu l&rsquo;id\u00e9e de c\u00e9l\u00e9brer la naissance de J\u00e9sus ce jour-l\u00e0 ont eu bien raison.<br>C&rsquo;est J\u00e9sus qui, dans notre monde, a montr\u00e9 le plus de dynamisme cr\u00e9ateur et le plus de fraternit\u00e9. C&rsquo;est lui qui osait dire \u00e0 un homme : \u00ab<em>\u00a0L\u00e8ve-toi et marche \u00bb<\/em>\u00a0et \u00e0 une femme :\u00a0\u00a0<em>\u00ab Va en paix \u00bb<\/em>.<br>C&rsquo;est lui qui avait tellement de lumi\u00e8re dans son c\u0153ur, tellement de chaleur amicale, tellement d&rsquo;esprit critique aussi pour toute les injustices qu&rsquo;il voyait et les m\u00e9chancet\u00e9s qu&rsquo;il entendait, que l&rsquo;on pensait que Dieu l&rsquo;inspirait.<br>Et je pense que J\u00e9sus aurait aim\u00e9 l&rsquo;atmosph\u00e8re des arbres rouges et de ces f\u00e9es aux ailes de libellules (dont il aurait pens\u00e9 sans doute que leur regard, effectivement, est vraiment vide).<br>Et je laisse monter cet esprit dans mon c\u0153ur car je me sens redevenir, en ce temps de No\u00ebl, un peu plus humain.<\/p>\n","protected":false},"excerpt":{"rendered":"<p>Joie de la f\u00eate. Il fait nuit t\u00f4t mais nous avons la lumi\u00e8re des guirlandes et des vitrines des magasins. On fait des achats, on pense aux cadeaux et au d\u00eener de f\u00eate en famille ou avec des amis. On est content. Un peu meilleur. Il faut penser \u00e0 donner une pi\u00e8ce aux mendiants et [&hellip;]<\/p>\n","protected":false},"author":2,"featured_media":0,"comment_status":"open","ping_status":"open","sticky":false,"template":"","format":"standard","meta":{"_jetpack_memberships_contains_paid_content":false,"footnotes":""},"categories":[11],"tags":[],"external_author":[31],"cited_author":[],"publisher":[],"book_author":[],"class_list":["post-2936","post","type-post","status-publish","format-standard","hentry","category-articles","external_author-gilles-castelnau"],"jetpack_sharing_enabled":true,"jetpack_featured_media_url":"","_links":{"self":[{"href":"https:\/\/protestantsdanslaville.org\/wordpress\/wp-json\/wp\/v2\/posts\/2936","targetHints":{"allow":["GET"]}}],"collection":[{"href":"https:\/\/protestantsdanslaville.org\/wordpress\/wp-json\/wp\/v2\/posts"}],"about":[{"href":"https:\/\/protestantsdanslaville.org\/wordpress\/wp-json\/wp\/v2\/types\/post"}],"author":[{"embeddable":true,"href":"https:\/\/protestantsdanslaville.org\/wordpress\/wp-json\/wp\/v2\/users\/2"}],"replies":[{"embeddable":true,"href":"https:\/\/protestantsdanslaville.org\/wordpress\/wp-json\/wp\/v2\/comments?post=2936"}],"version-history":[{"count":1,"href":"https:\/\/protestantsdanslaville.org\/wordpress\/wp-json\/wp\/v2\/posts\/2936\/revisions"}],"predecessor-version":[{"id":2937,"href":"https:\/\/protestantsdanslaville.org\/wordpress\/wp-json\/wp\/v2\/posts\/2936\/revisions\/2937"}],"wp:attachment":[{"href":"https:\/\/protestantsdanslaville.org\/wordpress\/wp-json\/wp\/v2\/media?parent=2936"}],"wp:term":[{"taxonomy":"category","embeddable":true,"href":"https:\/\/protestantsdanslaville.org\/wordpress\/wp-json\/wp\/v2\/categories?post=2936"},{"taxonomy":"post_tag","embeddable":true,"href":"https:\/\/protestantsdanslaville.org\/wordpress\/wp-json\/wp\/v2\/tags?post=2936"},{"taxonomy":"external_author","embeddable":true,"href":"https:\/\/protestantsdanslaville.org\/wordpress\/wp-json\/wp\/v2\/external_author?post=2936"},{"taxonomy":"cited_author","embeddable":true,"href":"https:\/\/protestantsdanslaville.org\/wordpress\/wp-json\/wp\/v2\/cited_author?post=2936"},{"taxonomy":"publisher","embeddable":true,"href":"https:\/\/protestantsdanslaville.org\/wordpress\/wp-json\/wp\/v2\/publisher?post=2936"},{"taxonomy":"book_author","embeddable":true,"href":"https:\/\/protestantsdanslaville.org\/wordpress\/wp-json\/wp\/v2\/book_author?post=2936"}],"curies":[{"name":"wp","href":"https:\/\/api.w.org\/{rel}","templated":true}]}}